{"id":1762,"date":"2012-07-04T16:45:20","date_gmt":"2012-07-04T21:15:20","guid":{"rendered":"http:\/\/www.danielpradilla.info\/blog\/?p=1762"},"modified":"2012-06-30T03:53:09","modified_gmt":"2012-06-30T08:23:09","slug":"cuando-comprar-un-macbook-ipad-o-iphone","status":"publish","type":"post","link":"https:\/\/www.danielpradilla.info\/blog\/cuando-comprar-un-macbook-ipad-o-iphone\/","title":{"rendered":"\u00bfCu\u00e1ndo comprar un Macbook, iPad, o iPhone?"},"content":{"rendered":"<p><a href=\"http:\/\/buyersguide.macrumors.com\/\"><img loading=\"lazy\" decoding=\"async\" data-attachment-id=\"1763\" data-permalink=\"https:\/\/www.danielpradilla.info\/blog\/cuando-comprar-un-macbook-ipad-o-iphone\/screen-shot-2012-06-30-at-10-14-10-am\/\" data-orig-file=\"https:\/\/www.danielpradilla.info\/blog\/wp-content\/uploads\/2012\/06\/Screen-Shot-2012-06-30-at-10.14.10-AM.png\" data-orig-size=\"664,411\" data-comments-opened=\"1\" data-image-meta=\"{&quot;aperture&quot;:&quot;0&quot;,&quot;credit&quot;:&quot;&quot;,&quot;camera&quot;:&quot;&quot;,&quot;caption&quot;:&quot;&quot;,&quot;created_timestamp&quot;:&quot;0&quot;,&quot;copyright&quot;:&quot;&quot;,&quot;focal_length&quot;:&quot;0&quot;,&quot;iso&quot;:&quot;0&quot;,&quot;shutter_speed&quot;:&quot;0&quot;,&quot;title&quot;:&quot;&quot;}\" data-image-title=\"Screen Shot 2012-06-30 at 10.14.10 AM\" data-image-description=\"\" data-image-caption=\"\" data-large-file=\"https:\/\/www.danielpradilla.info\/blog\/wp-content\/uploads\/2012\/06\/Screen-Shot-2012-06-30-at-10.14.10-AM.png\" class=\"aligncenter size-full wp-image-1763\" title=\"Screen Shot 2012-06-30 at 10.14.10 AM\" src=\"http:\/\/www.danielpradilla.info\/blog\/wp-content\/uploads\/2012\/06\/Screen-Shot-2012-06-30-at-10.14.10-AM.png\" alt=\"\" width=\"664\" height=\"411\" srcset=\"https:\/\/www.danielpradilla.info\/blog\/wp-content\/uploads\/2012\/06\/Screen-Shot-2012-06-30-at-10.14.10-AM.png 664w, https:\/\/www.danielpradilla.info\/blog\/wp-content\/uploads\/2012\/06\/Screen-Shot-2012-06-30-at-10.14.10-AM-300x185.png 300w, https:\/\/www.danielpradilla.info\/blog\/wp-content\/uploads\/2012\/06\/Screen-Shot-2012-06-30-at-10.14.10-AM-160x99.png 160w, https:\/\/www.danielpradilla.info\/blog\/wp-content\/uploads\/2012\/06\/Screen-Shot-2012-06-30-at-10.14.10-AM-260x160.png 260w, https:\/\/www.danielpradilla.info\/blog\/wp-content\/uploads\/2012\/06\/Screen-Shot-2012-06-30-at-10.14.10-AM-360x222.png 360w\" sizes=\"auto, (max-width: 664px) 100vw, 664px\" \/><\/a><\/p>\n<p>Deber\u00eda existir un t\u00e9rmino m\u00e9dico para explicar esa sensaci\u00f3n de impotencia que da cuando compras alg\u00fan producto Apple justo la semana antes de que sean actualizados.<\/p>\n<p>Para ahorrarnos el mal rato, la gente de Macrumors <a href=\"http:\/\/buyersguide.macrumors.com\/\">ha creado una p\u00e1gina<\/a> en la que rastrean todos los productos Apple y nos aconsejan si es bueno comprarlo ahora o no.<\/p>\n<p>As\u00ed que la pr\u00f3xima vez que vayas a actualizar tu iPhone, tu iPad, o tu Mac, revisa <a href=\"http:\/\/buyersguide.macrumors.com\/\" target=\"_blank\">esta p\u00e1gina<\/a> antes de tomar una decisi\u00f3n.<\/p>\n<p>&nbsp;<\/p>\n<p>&nbsp;<\/p>\n<p>&nbsp;<\/p>\n","protected":false},"excerpt":{"rendered":"<p>Deber\u00eda existir un t\u00e9rmino m\u00e9dico para explicar esa sensaci\u00f3n de impotencia que da cuando compras alg\u00fan producto Apple justo la semana antes de que sean actualizados. Para ahorrarnos el mal rato, la gente de Macrumors ha creado una p\u00e1gina en la que rastrean todos los productos Apple y nos aconsejan si es bueno comprarlo ahora&hellip; <a class=\"more-link\" href=\"https:\/\/www.danielpradilla.info\/blog\/cuando-comprar-un-macbook-ipad-o-iphone\/\">Continue reading <span class=\"screen-reader-text\">\u00bfCu\u00e1ndo comprar un Macbook, iPad, o iPhone?<\/span><\/a><\/p>\n","protected":false},"author":2,"featured_media":0,"comment_status":"open","ping_status":"open","sticky":false,"template":"","format":"standard","meta":{"_jetpack_newsletter_access":"","_jetpack_dont_email_post_to_subs":false,"_jetpack_newsletter_tier_id":0,"_jetpack_memberships_contains_paywalled_content":false,"_jetpack_feature_clip_id":0,"_jetpack_memberships_contains_paid_content":false,"footnotes":"","jetpack_post_was_ever_published":false},"categories":[154],"tags":[],"class_list":["post-1762","post","type-post","status-publish","format-standard","hentry","category-estilo-de-vida","entry"],"aioseo_notices":[],"aioseo_head":"\n\t\t<!-- All in One SEO 5.0.1.1 - aioseo.com -->\n\t<meta name=\"robots\" content=\"max-image-preview:large\" \/>\n\t<meta name=\"author\" content=\"Daniel Pradilla\"\/>\n\t<link rel=\"canonical\" href=\"https:\/\/www.danielpradilla.info\/blog\/cuando-comprar-un-macbook-ipad-o-iphone\/\" \/>\n\t<meta name=\"generator\" content=\"All in One SEO (AIOSEO) 5.0.1.1\" \/>\n\t\t<meta property=\"og:locale\" content=\"en_US\" \/>\n\t\t<meta property=\"og:site_name\" content=\"Daniel Pradilla | getting the most out of technology\" \/>\n\t\t<meta property=\"og:type\" content=\"article\" \/>\n\t\t<meta property=\"og:title\" content=\"\u00bfCu\u00e1ndo comprar un Macbook, iPad, o iPhone? | Daniel Pradilla\" \/>\n\t\t<meta property=\"og:url\" content=\"https:\/\/www.danielpradilla.info\/blog\/cuando-comprar-un-macbook-ipad-o-iphone\/\" \/>\n\t\t<meta property=\"article:published_time\" content=\"2012-07-04T21:15:20+00:00\" \/>\n\t\t<meta property=\"article:modified_time\" content=\"2012-06-30T08:23:09+00:00\" \/>\n\t\t<meta name=\"twitter:card\" content=\"summary\" \/>\n\t\t<meta name=\"twitter:title\" content=\"\u00bfCu\u00e1ndo comprar un Macbook, iPad, o iPhone? | Daniel Pradilla\" \/>\n\t\t<script type=\"application\/ld+json\" class=\"aioseo-schema\">\n\t\t\t{\"@context\":\"https:\\\/\\\/schema.org\",\"@graph\":[{\"@type\":\"Article\",\"@id\":\"https:\\\/\\\/www.danielpradilla.info\\\/blog\\\/cuando-comprar-un-macbook-ipad-o-iphone\\\/#article\",\"name\":\"\\u00bfCu\\u00e1ndo comprar un Macbook, iPad, o iPhone? | Daniel Pradilla\",\"headline\":\"\\u00bfCu\\u00e1ndo comprar un Macbook, iPad, o iPhone?\",\"author\":{\"@id\":\"https:\\\/\\\/www.danielpradilla.info\\\/blog\\\/author\\\/danielpradilla\\\/#author\"},\"publisher\":{\"@id\":\"https:\\\/\\\/www.danielpradilla.info\\\/blog\\\/#organization\"},\"image\":{\"@type\":\"ImageObject\",\"url\":\"https:\\\/\\\/www.danielpradilla.info\\\/blog\\\/wp-content\\\/uploads\\\/2012\\\/06\\\/Screen-Shot-2012-06-30-at-10.14.10-AM.png\",\"@id\":\"https:\\\/\\\/www.danielpradilla.info\\\/blog\\\/cuando-comprar-un-macbook-ipad-o-iphone\\\/#articleImage\",\"width\":664,\"height\":411},\"datePublished\":\"2012-07-04T16:45:20+00:00\",\"dateModified\":\"2012-06-30T03:53:09+00:00\",\"inLanguage\":\"en-US\",\"mainEntityOfPage\":{\"@id\":\"https:\\\/\\\/www.danielpradilla.info\\\/blog\\\/cuando-comprar-un-macbook-ipad-o-iphone\\\/#webpage\"},\"isPartOf\":{\"@id\":\"https:\\\/\\\/www.danielpradilla.info\\\/blog\\\/cuando-comprar-un-macbook-ipad-o-iphone\\\/#webpage\"},\"articleSection\":\"Estilo de vida\"},{\"@type\":\"BreadcrumbList\",\"@id\":\"https:\\\/\\\/www.danielpradilla.info\\\/blog\\\/cuando-comprar-un-macbook-ipad-o-iphone\\\/#breadcrumblist\",\"itemListElement\":[{\"@type\":\"ListItem\",\"@id\":\"https:\\\/\\\/www.danielpradilla.info\\\/blog#listItem\",\"position\":1,\"name\":\"Home\",\"item\":\"https:\\\/\\\/www.danielpradilla.info\\\/blog\",\"nextItem\":{\"@type\":\"ListItem\",\"@id\":\"https:\\\/\\\/www.danielpradilla.info\\\/blog\\\/category\\\/estilo-de-vida\\\/#listItem\",\"name\":\"Estilo de vida\"}},{\"@type\":\"ListItem\",\"@id\":\"https:\\\/\\\/www.danielpradilla.info\\\/blog\\\/category\\\/estilo-de-vida\\\/#listItem\",\"position\":2,\"name\":\"Estilo de vida\",\"item\":\"https:\\\/\\\/www.danielpradilla.info\\\/blog\\\/category\\\/estilo-de-vida\\\/\",\"nextItem\":{\"@type\":\"ListItem\",\"@id\":\"https:\\\/\\\/www.danielpradilla.info\\\/blog\\\/cuando-comprar-un-macbook-ipad-o-iphone\\\/#listItem\",\"name\":\"\\u00bfCu\\u00e1ndo comprar un Macbook, iPad, o iPhone?\"},\"previousItem\":{\"@type\":\"ListItem\",\"@id\":\"https:\\\/\\\/www.danielpradilla.info\\\/blog#listItem\",\"name\":\"Home\"}},{\"@type\":\"ListItem\",\"@id\":\"https:\\\/\\\/www.danielpradilla.info\\\/blog\\\/cuando-comprar-un-macbook-ipad-o-iphone\\\/#listItem\",\"position\":3,\"name\":\"\\u00bfCu\\u00e1ndo comprar un Macbook, iPad, o iPhone?\",\"previousItem\":{\"@type\":\"ListItem\",\"@id\":\"https:\\\/\\\/www.danielpradilla.info\\\/blog\\\/category\\\/estilo-de-vida\\\/#listItem\",\"name\":\"Estilo de vida\"}}]},{\"@type\":\"Organization\",\"@id\":\"https:\\\/\\\/www.danielpradilla.info\\\/blog\\\/#organization\",\"name\":\"Daniel Pradilla\",\"description\":\"getting the most out of technology\",\"url\":\"https:\\\/\\\/www.danielpradilla.info\\\/blog\\\/\"},{\"@type\":\"Person\",\"@id\":\"https:\\\/\\\/www.danielpradilla.info\\\/blog\\\/author\\\/danielpradilla\\\/#author\",\"url\":\"https:\\\/\\\/www.danielpradilla.info\\\/blog\\\/author\\\/danielpradilla\\\/\",\"name\":\"Daniel Pradilla\",\"image\":{\"@type\":\"ImageObject\",\"@id\":\"https:\\\/\\\/www.danielpradilla.info\\\/blog\\\/cuando-comprar-un-macbook-ipad-o-iphone\\\/#authorImage\",\"url\":\"https:\\\/\\\/secure.gravatar.com\\\/avatar\\\/b91ffbe374d7c4bc65533da1aa8f8d3d2526f49ce25c0ea54bc8bd0519fedc43?s=96&d=mm&r=g\",\"width\":96,\"height\":96,\"caption\":\"Daniel Pradilla\"}},{\"@type\":\"WebPage\",\"@id\":\"https:\\\/\\\/www.danielpradilla.info\\\/blog\\\/cuando-comprar-un-macbook-ipad-o-iphone\\\/#webpage\",\"url\":\"https:\\\/\\\/www.danielpradilla.info\\\/blog\\\/cuando-comprar-un-macbook-ipad-o-iphone\\\/\",\"name\":\"\\u00bfCu\\u00e1ndo comprar un Macbook, iPad, o iPhone? | Daniel Pradilla\",\"inLanguage\":\"en-US\",\"isPartOf\":{\"@id\":\"https:\\\/\\\/www.danielpradilla.info\\\/blog\\\/#website\"},\"breadcrumb\":{\"@id\":\"https:\\\/\\\/www.danielpradilla.info\\\/blog\\\/cuando-comprar-un-macbook-ipad-o-iphone\\\/#breadcrumblist\"},\"author\":{\"@id\":\"https:\\\/\\\/www.danielpradilla.info\\\/blog\\\/author\\\/danielpradilla\\\/#author\"},\"creator\":{\"@id\":\"https:\\\/\\\/www.danielpradilla.info\\\/blog\\\/author\\\/danielpradilla\\\/#author\"},\"datePublished\":\"2012-07-04T16:45:20+00:00\",\"dateModified\":\"2012-06-30T03:53:09+00:00\"},{\"@type\":\"WebSite\",\"@id\":\"https:\\\/\\\/www.danielpradilla.info\\\/blog\\\/#website\",\"url\":\"https:\\\/\\\/www.danielpradilla.info\\\/blog\\\/\",\"name\":\"Daniel Pradilla\",\"description\":\"getting the most out of technology\",\"inLanguage\":\"en-US\",\"publisher\":{\"@id\":\"https:\\\/\\\/www.danielpradilla.info\\\/blog\\\/#organization\"}}]}\n\t\t<\/script>\n\t\t<!-- All in One SEO -->\n\n","aioseo_head_json":{"title":"\u00bfCu\u00e1ndo comprar un Macbook, iPad, o iPhone? | Daniel Pradilla","description":"","canonical_url":"https:\/\/www.danielpradilla.info\/blog\/cuando-comprar-un-macbook-ipad-o-iphone\/","robots":"max-image-preview:large","keywords":"","webmasterTools":{"miscellaneous":""},"schema":{"@context":"https:\/\/schema.org","@graph":[{"@type":"Article","@id":"https:\/\/www.danielpradilla.info\/blog\/cuando-comprar-un-macbook-ipad-o-iphone\/#article","name":"\u00bfCu\u00e1ndo comprar un Macbook, iPad, o iPhone? | Daniel Pradilla","headline":"\u00bfCu\u00e1ndo comprar un Macbook, iPad, o iPhone?","author":{"@id":"https:\/\/www.danielpradilla.info\/blog\/author\/danielpradilla\/#author"},"publisher":{"@id":"https:\/\/www.danielpradilla.info\/blog\/#organization"},"image":{"@type":"ImageObject","url":"https:\/\/www.danielpradilla.info\/blog\/wp-content\/uploads\/2012\/06\/Screen-Shot-2012-06-30-at-10.14.10-AM.png","@id":"https:\/\/www.danielpradilla.info\/blog\/cuando-comprar-un-macbook-ipad-o-iphone\/#articleImage","width":664,"height":411},"datePublished":"2012-07-04T16:45:20+00:00","dateModified":"2012-06-30T03:53:09+00:00","inLanguage":"en-US","mainEntityOfPage":{"@id":"https:\/\/www.danielpradilla.info\/blog\/cuando-comprar-un-macbook-ipad-o-iphone\/#webpage"},"isPartOf":{"@id":"https:\/\/www.danielpradilla.info\/blog\/cuando-comprar-un-macbook-ipad-o-iphone\/#webpage"},"articleSection":"Estilo de vida"},{"@type":"BreadcrumbList","@id":"https:\/\/www.danielpradilla.info\/blog\/cuando-comprar-un-macbook-ipad-o-iphone\/#breadcrumblist","itemListElement":[{"@type":"ListItem","@id":"https:\/\/www.danielpradilla.info\/blog#listItem","position":1,"name":"Home","item":"https:\/\/www.danielpradilla.info\/blog","nextItem":{"@type":"ListItem","@id":"https:\/\/www.danielpradilla.info\/blog\/category\/estilo-de-vida\/#listItem","name":"Estilo de vida"}},{"@type":"ListItem","@id":"https:\/\/www.danielpradilla.info\/blog\/category\/estilo-de-vida\/#listItem","position":2,"name":"Estilo de vida","item":"https:\/\/www.danielpradilla.info\/blog\/category\/estilo-de-vida\/","nextItem":{"@type":"ListItem","@id":"https:\/\/www.danielpradilla.info\/blog\/cuando-comprar-un-macbook-ipad-o-iphone\/#listItem","name":"\u00bfCu\u00e1ndo comprar un Macbook, iPad, o iPhone?"},"previousItem":{"@type":"ListItem","@id":"https:\/\/www.danielpradilla.info\/blog#listItem","name":"Home"}},{"@type":"ListItem","@id":"https:\/\/www.danielpradilla.info\/blog\/cuando-comprar-un-macbook-ipad-o-iphone\/#listItem","position":3,"name":"\u00bfCu\u00e1ndo comprar un Macbook, iPad, o iPhone?","previousItem":{"@type":"ListItem","@id":"https:\/\/www.danielpradilla.info\/blog\/category\/estilo-de-vida\/#listItem","name":"Estilo de vida"}}]},{"@type":"Organization","@id":"https:\/\/www.danielpradilla.info\/blog\/#organization","name":"Daniel Pradilla","description":"getting the most out of technology","url":"https:\/\/www.danielpradilla.info\/blog\/"},{"@type":"Person","@id":"https:\/\/www.danielpradilla.info\/blog\/author\/danielpradilla\/#author","url":"https:\/\/www.danielpradilla.info\/blog\/author\/danielpradilla\/","name":"Daniel Pradilla","image":{"@type":"ImageObject","@id":"https:\/\/www.danielpradilla.info\/blog\/cuando-comprar-un-macbook-ipad-o-iphone\/#authorImage","url":"https:\/\/secure.gravatar.com\/avatar\/b91ffbe374d7c4bc65533da1aa8f8d3d2526f49ce25c0ea54bc8bd0519fedc43?s=96&d=mm&r=g","width":96,"height":96,"caption":"Daniel Pradilla"}},{"@type":"WebPage","@id":"https:\/\/www.danielpradilla.info\/blog\/cuando-comprar-un-macbook-ipad-o-iphone\/#webpage","url":"https:\/\/www.danielpradilla.info\/blog\/cuando-comprar-un-macbook-ipad-o-iphone\/","name":"\u00bfCu\u00e1ndo comprar un Macbook, iPad, o iPhone? | Daniel Pradilla","inLanguage":"en-US","isPartOf":{"@id":"https:\/\/www.danielpradilla.info\/blog\/#website"},"breadcrumb":{"@id":"https:\/\/www.danielpradilla.info\/blog\/cuando-comprar-un-macbook-ipad-o-iphone\/#breadcrumblist"},"author":{"@id":"https:\/\/www.danielpradilla.info\/blog\/author\/danielpradilla\/#author"},"creator":{"@id":"https:\/\/www.danielpradilla.info\/blog\/author\/danielpradilla\/#author"},"datePublished":"2012-07-04T16:45:20+00:00","dateModified":"2012-06-30T03:53:09+00:00"},{"@type":"WebSite","@id":"https:\/\/www.danielpradilla.info\/blog\/#website","url":"https:\/\/www.danielpradilla.info\/blog\/","name":"Daniel Pradilla","description":"getting the most out of technology","inLanguage":"en-US","publisher":{"@id":"https:\/\/www.danielpradilla.info\/blog\/#organization"}}]},"og:locale":"en_US","og:site_name":"Daniel Pradilla | getting the most out of technology","og:type":"article","og:title":"\u00bfCu\u00e1ndo comprar un Macbook, iPad, o iPhone? | Daniel Pradilla","og:url":"https:\/\/www.danielpradilla.info\/blog\/cuando-comprar-un-macbook-ipad-o-iphone\/","article:published_time":"2012-07-04T21:15:20+00:00","article:modified_time":"2012-06-30T08:23:09+00:00","twitter:card":"summary","twitter:title":"\u00bfCu\u00e1ndo comprar un Macbook, iPad, o iPhone? | Daniel Pradilla"},"aioseo_meta_data":{"post_id":"1762","title":null,"description":null,"keywords":null,"keyphrases":null,"primary_term":null,"canonical_url":null,"og_title":null,"og_description":null,"og_object_type":"default","og_image_type":"default","og_image_url":null,"og_image_width":null,"og_image_height":null,"og_image_custom_url":null,"og_image_custom_fields":null,"og_video":null,"og_custom_url":null,"og_article_section":null,"og_article_tags":null,"twitter_use_og":false,"twitter_card":"default","twitter_image_type":"default","twitter_image_url":null,"twitter_image_custom_url":null,"twitter_image_custom_fields":null,"twitter_title":null,"twitter_description":null,"schema":{"blockGraphs":[],"customGraphs":[],"default":{"data":{"Article":[],"Course":[],"Dataset":[],"FAQPage":[],"Movie":[],"Person":[],"Product":[],"ProductReview":[],"Car":[],"Recipe":[],"Service":[],"SoftwareApplication":[],"WebPage":[]},"graphName":"Article","isEnabled":true},"graphs":[]},"schema_type":"default","schema_type_options":null,"pillar_content":false,"robots_default":true,"robots_noindex":false,"robots_noarchive":false,"robots_nosnippet":false,"robots_nofollow":false,"robots_noimageindex":false,"robots_noodp":false,"robots_notranslate":false,"robots_max_snippet":null,"robots_max_videopreview":null,"robots_max_imagepreview":"large","priority":null,"frequency":null,"local_seo":null,"breadcrumb_settings":null,"limit_modified_date":false,"ai":null,"created":"2021-12-15 18:19:23","updated":"2025-08-25 22:51:01","seo_analyzer_scan_date":null,"focus_keyword":null,"additional_keywords":null,"truseo_locale":null},"aioseo_breadcrumb":"<div class=\"aioseo-breadcrumbs\"><span class=\"aioseo-breadcrumb\">\n\t\t\t<a href=\"https:\/\/www.danielpradilla.info\/blog\" title=\"Home\">Home<\/a>\n\t\t<\/span><span class=\"aioseo-breadcrumb-separator\">&raquo;<\/span><span class=\"aioseo-breadcrumb\">\n\t\t\t<a href=\"https:\/\/www.danielpradilla.info\/blog\/category\/estilo-de-vida\/\" title=\"Estilo de vida\">Estilo de vida<\/a>\n\t\t<\/span><span class=\"aioseo-breadcrumb-separator\">&raquo;<\/span><span class=\"aioseo-breadcrumb\">\n\t\t\t\u00bfCu\u00e1ndo comprar un Macbook, iPad, o iPhone?\n\t\t<\/span><\/div>","aioseo_breadcrumb_json":[{"label":"Home","link":"https:\/\/www.danielpradilla.info\/blog"},{"label":"Estilo de vida","link":"https:\/\/www.danielpradilla.info\/blog\/category\/estilo-de-vida\/"},{"label":"\u00bfCu\u00e1ndo comprar un Macbook, iPad, o iPhone?","link":"https:\/\/www.danielpradilla.info\/blog\/cuando-comprar-un-macbook-ipad-o-iphone\/"}],"jetpack_shortlink":"https:\/\/wp.me\/p1tlzy-sq","jetpack_sharing_enabled":true,"jetpack-related-posts":[{"id":1712,"url":"https:\/\/www.danielpradilla.info\/blog\/jugo-dropbox\/","url_meta":{"origin":1762,"position":0},"title":"4 formas sacarle el jugo a tu dropbox","author":"Daniel Pradilla","date":"15\/01\/2012","format":false,"excerpt":"Dropbox es una de mis herramientas esenciales. Hace tiempo, puse un link a un art\u00edculo sobre como manter ordenado tu dropbox. Si ya lo usas, tengo 4 maneras de usarlo que quiz\u00e1s no conoc\u00edas: \u00a0 1. Sube archivos v\u00eda email Send To Dropbox es un servicio que te asigna una\u2026","rel":"","context":"In &quot;Control de Proyectos&quot;","block_context":{"text":"Control de Proyectos","link":"https:\/\/www.danielpradilla.info\/blog\/category\/controldeproyectos\/"},"img":{"alt_text":"","src":"https:\/\/i0.wp.com\/www.danielpradilla.info\/blog\/wp-content\/uploads\/2012\/01\/dropbox_logo.png?resize=350%2C200","width":350,"height":200},"classes":[]},{"id":1629,"url":"https:\/\/www.danielpradilla.info\/blog\/como-enviar-archivos-grandes-otras-personas\/","url_meta":{"origin":1762,"position":1},"title":"C\u00f3mo enviar archivos grandes a otras personas","author":"Daniel Pradilla","date":"08\/04\/2011","format":false,"excerpt":"Con una aplicaci\u00f3n que instalas en tu PC, yousendit permite subir hasta 100mb gratuitamente y enviarle a una persona un email con el link para descargar el archivo. Hoy dej\u00e9 de usarlo. Ge.tt permite compartir hasta 2gb sin instalar nada, sin ni siquiera esperar a que el archivo termine de\u2026","rel":"","context":"In &quot;Control de Proyectos&quot;","block_context":{"text":"Control de Proyectos","link":"https:\/\/www.danielpradilla.info\/blog\/category\/controldeproyectos\/"},"img":{"alt_text":"","src":"https:\/\/i0.wp.com\/www.danielpradilla.info\/blog\/wp-content\/uploads\/2011\/04\/gett.jpg?resize=350%2C200&ssl=1","width":350,"height":200,"srcset":"https:\/\/i0.wp.com\/www.danielpradilla.info\/blog\/wp-content\/uploads\/2011\/04\/gett.jpg?resize=350%2C200&ssl=1 1x, https:\/\/i0.wp.com\/www.danielpradilla.info\/blog\/wp-content\/uploads\/2011\/04\/gett.jpg?resize=525%2C300&ssl=1 1.5x, https:\/\/i0.wp.com\/www.danielpradilla.info\/blog\/wp-content\/uploads\/2011\/04\/gett.jpg?resize=700%2C400&ssl=1 2x"},"classes":[]},{"id":1632,"url":"https:\/\/www.danielpradilla.info\/blog\/como-hacer-esqueleto-de-una-aplicacion-una-pagina-web\/","url_meta":{"origin":1762,"position":2},"title":"C\u00f3mo hacer un esqueleto de una aplicaci\u00f3n o una p\u00e1gina web","author":"Daniel Pradilla","date":"18\/04\/2011","format":false,"excerpt":"El cliente te pide un nuevo dise\u00f1o. Discuten lo que debe incluir el nuevo dise\u00f1o. En el mejor de los casos, haces un documento de especificaciones que nadie lee. Haces tu mejor trabajo. El cliente sugiere \"peque\u00f1os cambios\". Ambos se dan cuenta de que faltan contenidos y piezas claves en\u2026","rel":"","context":"In &quot;Control de Proyectos&quot;","block_context":{"text":"Control de Proyectos","link":"https:\/\/www.danielpradilla.info\/blog\/category\/controldeproyectos\/"},"img":{"alt_text":"","src":"https:\/\/i0.wp.com\/www.danielpradilla.info\/blog\/wp-content\/uploads\/2011\/04\/Screen-shot-2011-04-18-at-11.48.38-AM-300x246.png?resize=350%2C200","width":350,"height":200},"classes":[]},{"id":1921,"url":"https:\/\/www.danielpradilla.info\/blog\/redes-sociales-medicina\/","url_meta":{"origin":1762,"position":3},"title":"Redes sociales para m\u00e9dicos y otros profesionales de la salud","author":"Daniel Pradilla","date":"12\/02\/2013","format":false,"excerpt":"En a\u00f1os recientes, luego de la popularizaci\u00f3n de las redes sociales, casi todos los profesionales de distintas \u00e1reas han encontrado maneras de ampliar sus posibilidades, visibilidad y cartera de trabajo a trav\u00e9s de LinkedIn, Facebook y twitter. Las redes sociales ofrecen oportunidades para ser m\u00e1s competitivos en un mundo con\u2026","rel":"","context":"In &quot;Redes Sociales&quot;","block_context":{"text":"Redes Sociales","link":"https:\/\/www.danielpradilla.info\/blog\/category\/redessociales\/"},"img":{"alt_text":"5703053431_01ccc3f364","src":"https:\/\/i0.wp.com\/www.danielpradilla.info\/blog\/wp-content\/uploads\/2013\/02\/5703053431_01ccc3f364.jpeg?resize=350%2C200","width":350,"height":200},"classes":[]},{"id":1602,"url":"https:\/\/www.danielpradilla.info\/blog\/4-herramientas-para-organizar-tu-vida\/","url_meta":{"origin":1762,"position":4},"title":"4 Herramientas para organizar tu vida","author":"Daniel Pradilla","date":"15\/02\/2011","format":false,"excerpt":"Este art\u00edculo pertenece a la serie de\u00a0virtualizaci\u00f3n, teletrabajo e independencia geogr\u00e1fica. Son muy pocas las personas que logran establecer una separaci\u00f3n fundamentalista entre sus espacios de trabajo y su hogar. Normalmente nuestro trabajo nos persigue a casa, nuestras tareas del hogar nos persiguen al trabajo, y ambas nos persiguen en\u2026","rel":"","context":"In &quot;Destacados&quot;","block_context":{"text":"Destacados","link":"https:\/\/www.danielpradilla.info\/blog\/category\/destacados\/"},"img":{"alt_text":"","src":"https:\/\/i0.wp.com\/www.danielpradilla.info\/blog\/wp-content\/uploads\/2011\/02\/modern-working-desk-2.jpeg?resize=350%2C200&ssl=1","width":350,"height":200},"classes":[]},{"id":1621,"url":"https:\/\/www.danielpradilla.info\/blog\/como-hacer-una-factura-en-cinco-minutos\/","url_meta":{"origin":1762,"position":5},"title":"C\u00f3mo hacer una factura en cinco minutos","author":"Daniel Pradilla","date":"26\/03\/2011","format":false,"excerpt":"Todos nos hemos encontrado en esa situaci\u00f3n: tenemos que hace una factura r\u00e1pida que parezca profesional y legal, pero no tenemos el software para hacerlo. La gente de billable ha creado un sitio que es absolutamente obvio y f\u00e1cil de usar. Permite imprimir facturas o salvarlas en PDF, cambiar la\u2026","rel":"","context":"In &quot;Ventas&quot;","block_context":{"text":"Ventas","link":"https:\/\/www.danielpradilla.info\/blog\/category\/ventas\/"},"img":{"alt_text":"","src":"https:\/\/i0.wp.com\/www.danielpradilla.info\/blog\/wp-content\/uploads\/2011\/03\/Screen-shot-2011-03-21-at-12.12.57-AM-300x209.png?resize=350%2C200","width":350,"height":200},"classes":[]}],"jetpack_featured_media_url":"","_links":{"self":[{"href":"https:\/\/www.danielpradilla.info\/blog\/wp-json\/wp\/v2\/posts\/1762","targetHints":{"allow":["GET"]}}],"collection":[{"href":"https:\/\/www.danielpradilla.info\/blog\/wp-json\/wp\/v2\/posts"}],"about":[{"href":"https:\/\/www.danielpradilla.info\/blog\/wp-json\/wp\/v2\/types\/post"}],"author":[{"embeddable":true,"href":"https:\/\/www.danielpradilla.info\/blog\/wp-json\/wp\/v2\/users\/2"}],"replies":[{"embeddable":true,"href":"https:\/\/www.danielpradilla.info\/blog\/wp-json\/wp\/v2\/comments?post=1762"}],"version-history":[{"count":0,"href":"https:\/\/www.danielpradilla.info\/blog\/wp-json\/wp\/v2\/posts\/1762\/revisions"}],"wp:attachment":[{"href":"https:\/\/www.danielpradilla.info\/blog\/wp-json\/wp\/v2\/media?parent=1762"}],"wp:term":[{"taxonomy":"category","embeddable":true,"href":"https:\/\/www.danielpradilla.info\/blog\/wp-json\/wp\/v2\/categories?post=1762"},{"taxonomy":"post_tag","embeddable":true,"href":"https:\/\/www.danielpradilla.info\/blog\/wp-json\/wp\/v2\/tags?post=1762"}],"curies":[{"name":"wp","href":"https:\/\/api.w.org\/{rel}","templated":true}]}}