{"id":1680,"date":"2011-07-19T17:26:24","date_gmt":"2011-07-19T21:56:24","guid":{"rendered":"http:\/\/www.danielpradilla.info\/blog\/?p=1680"},"modified":"2011-07-19T17:26:24","modified_gmt":"2011-07-19T21:56:24","slug":"lo-que-podemos-aprender-del-general-maximus-steve-kamb","status":"publish","type":"post","link":"https:\/\/www.danielpradilla.info\/blog\/lo-que-podemos-aprender-del-general-maximus-steve-kamb\/","title":{"rendered":"Lo que podemos aprender del General Maximus | Steve Kamb"},"content":{"rendered":"<p style=\"text-align: center;\"><a href=\"http:\/\/nerdfitness.com\/blog\/2011\/06\/23\/gladiator\/#more-9772\"><img src='http:\/\/www.danielpradilla.info\/blog\/wp-content\/uploads\/2011\/07\/Screen-shot-2011-06-23-at-12.04.19-PM.jpg' alt='' \/><\/a><\/p>\n<blockquote><p>Hasta el momento en el que las cosas se desbaratan, Maximus Decimus Meridius era el general de mayor rango en el ej\u00e9rcito romano. Gan\u00f3 una batalla decisiva tras otra mientras expand\u00eda el imperio. Luego, en pocos d\u00edas, le arrebataron su t\u00edtulo, su familia fue brutalmente asesinada y fue vendido como esclavo lejos de todo lo que amaba.<\/p>\n<p>Imagina si en este punto de la pel\u00edcula, Maximus se volteara a sus compa\u00f1eros esclavos y pasara la \u00faltima hora de la pel\u00edcula quej\u00e1ndose de su mala suerte: &#8220;No me merezco esto, no se supone que debo estar aqu\u00ed&#8221;, o &#8220;Si tan solo las cosas hubiesen sido diferentes, mi vida ser\u00eda mejor&#8221;, o &#8220;\u00bfpor qu\u00e9 ellos si pueden ser libres y yo tengo que luchar por mi vida?&#8221;. O peor a\u00fan, \u00bfqu\u00e9 hubiese sucedido si s\u00f3lo se hubiese sentado a llorar?<\/p>\n<p><strong>Esa pel\u00edcula apestar\u00eda.<\/strong><\/p><\/blockquote>\n<p>Steve Kamb busca elementos para la automotivaci\u00f3n en Gladiator.<\/p>\n<p>Sigue leyendo <a href=\"http:\/\/nerdfitness.com\/blog\/2011\/06\/23\/gladiator\/#more-9772\">Gladiator: What We Can Learn from The General Maximus | Nerd Fitness<\/a>.<\/p>\n","protected":false},"excerpt":{"rendered":"<p>Hasta el momento en el que las cosas se desbaratan, Maximus Decimus Meridius era el general de mayor rango en el ej\u00e9rcito romano. Gan\u00f3 una batalla decisiva tras otra mientras expand\u00eda el imperio. Luego, en pocos d\u00edas, le arrebataron su t\u00edtulo, su familia fue brutalmente asesinada y fue vendido como esclavo lejos de todo lo&hellip; <a class=\"more-link\" href=\"https:\/\/www.danielpradilla.info\/blog\/lo-que-podemos-aprender-del-general-maximus-steve-kamb\/\">Continue reading <span class=\"screen-reader-text\">Lo que podemos aprender del General Maximus | Steve Kamb<\/span><\/a><\/p>\n","protected":false},"author":2,"featured_media":0,"comment_status":"open","ping_status":"open","sticky":false,"template":"","format":"standard","meta":{"_jetpack_newsletter_access":"","_jetpack_dont_email_post_to_subs":false,"_jetpack_newsletter_tier_id":0,"_jetpack_memberships_contains_paywalled_content":false,"_jetpack_feature_clip_id":0,"_jetpack_memberships_contains_paid_content":false,"footnotes":"","jetpack_post_was_ever_published":false},"categories":[154],"tags":[],"class_list":["post-1680","post","type-post","status-publish","format-standard","hentry","category-estilo-de-vida","entry"],"aioseo_notices":[],"aioseo_head":"\n\t\t<!-- All in One SEO 5.0.1.1 - aioseo.com -->\n\t<meta name=\"robots\" content=\"max-image-preview:large\" \/>\n\t<meta name=\"author\" content=\"Daniel Pradilla\"\/>\n\t<link rel=\"canonical\" href=\"https:\/\/www.danielpradilla.info\/blog\/lo-que-podemos-aprender-del-general-maximus-steve-kamb\/\" \/>\n\t<meta name=\"generator\" content=\"All in One SEO (AIOSEO) 5.0.1.1\" \/>\n\t\t<meta property=\"og:locale\" content=\"en_US\" \/>\n\t\t<meta property=\"og:site_name\" content=\"Daniel Pradilla | getting the most out of technology\" \/>\n\t\t<meta property=\"og:type\" content=\"article\" \/>\n\t\t<meta property=\"og:title\" content=\"Lo que podemos aprender del General Maximus | Steve Kamb | Daniel Pradilla\" \/>\n\t\t<meta property=\"og:url\" content=\"https:\/\/www.danielpradilla.info\/blog\/lo-que-podemos-aprender-del-general-maximus-steve-kamb\/\" \/>\n\t\t<meta property=\"article:published_time\" content=\"2011-07-19T21:56:24+00:00\" \/>\n\t\t<meta property=\"article:modified_time\" content=\"2011-07-19T21:56:24+00:00\" \/>\n\t\t<meta name=\"twitter:card\" content=\"summary\" \/>\n\t\t<meta name=\"twitter:title\" content=\"Lo que podemos aprender del General Maximus | Steve Kamb | Daniel Pradilla\" \/>\n\t\t<script type=\"application\/ld+json\" class=\"aioseo-schema\">\n\t\t\t{\"@context\":\"https:\\\/\\\/schema.org\",\"@graph\":[{\"@type\":\"Article\",\"@id\":\"https:\\\/\\\/www.danielpradilla.info\\\/blog\\\/lo-que-podemos-aprender-del-general-maximus-steve-kamb\\\/#article\",\"name\":\"Lo que podemos aprender del General Maximus | Steve Kamb | Daniel Pradilla\",\"headline\":\"Lo que podemos aprender del General Maximus | Steve Kamb\",\"author\":{\"@id\":\"https:\\\/\\\/www.danielpradilla.info\\\/blog\\\/author\\\/danielpradilla\\\/#author\"},\"publisher\":{\"@id\":\"https:\\\/\\\/www.danielpradilla.info\\\/blog\\\/#organization\"},\"datePublished\":\"2011-07-19T17:26:24+00:00\",\"dateModified\":\"2011-07-19T17:26:24+00:00\",\"inLanguage\":\"en-US\",\"mainEntityOfPage\":{\"@id\":\"https:\\\/\\\/www.danielpradilla.info\\\/blog\\\/lo-que-podemos-aprender-del-general-maximus-steve-kamb\\\/#webpage\"},\"isPartOf\":{\"@id\":\"https:\\\/\\\/www.danielpradilla.info\\\/blog\\\/lo-que-podemos-aprender-del-general-maximus-steve-kamb\\\/#webpage\"},\"articleSection\":\"Estilo de vida\"},{\"@type\":\"BreadcrumbList\",\"@id\":\"https:\\\/\\\/www.danielpradilla.info\\\/blog\\\/lo-que-podemos-aprender-del-general-maximus-steve-kamb\\\/#breadcrumblist\",\"itemListElement\":[{\"@type\":\"ListItem\",\"@id\":\"https:\\\/\\\/www.danielpradilla.info\\\/blog#listItem\",\"position\":1,\"name\":\"Home\",\"item\":\"https:\\\/\\\/www.danielpradilla.info\\\/blog\",\"nextItem\":{\"@type\":\"ListItem\",\"@id\":\"https:\\\/\\\/www.danielpradilla.info\\\/blog\\\/category\\\/estilo-de-vida\\\/#listItem\",\"name\":\"Estilo de vida\"}},{\"@type\":\"ListItem\",\"@id\":\"https:\\\/\\\/www.danielpradilla.info\\\/blog\\\/category\\\/estilo-de-vida\\\/#listItem\",\"position\":2,\"name\":\"Estilo de vida\",\"item\":\"https:\\\/\\\/www.danielpradilla.info\\\/blog\\\/category\\\/estilo-de-vida\\\/\",\"nextItem\":{\"@type\":\"ListItem\",\"@id\":\"https:\\\/\\\/www.danielpradilla.info\\\/blog\\\/lo-que-podemos-aprender-del-general-maximus-steve-kamb\\\/#listItem\",\"name\":\"Lo que podemos aprender del General Maximus | Steve Kamb\"},\"previousItem\":{\"@type\":\"ListItem\",\"@id\":\"https:\\\/\\\/www.danielpradilla.info\\\/blog#listItem\",\"name\":\"Home\"}},{\"@type\":\"ListItem\",\"@id\":\"https:\\\/\\\/www.danielpradilla.info\\\/blog\\\/lo-que-podemos-aprender-del-general-maximus-steve-kamb\\\/#listItem\",\"position\":3,\"name\":\"Lo que podemos aprender del General Maximus | Steve Kamb\",\"previousItem\":{\"@type\":\"ListItem\",\"@id\":\"https:\\\/\\\/www.danielpradilla.info\\\/blog\\\/category\\\/estilo-de-vida\\\/#listItem\",\"name\":\"Estilo de vida\"}}]},{\"@type\":\"Organization\",\"@id\":\"https:\\\/\\\/www.danielpradilla.info\\\/blog\\\/#organization\",\"name\":\"Daniel Pradilla\",\"description\":\"getting the most out of technology\",\"url\":\"https:\\\/\\\/www.danielpradilla.info\\\/blog\\\/\"},{\"@type\":\"Person\",\"@id\":\"https:\\\/\\\/www.danielpradilla.info\\\/blog\\\/author\\\/danielpradilla\\\/#author\",\"url\":\"https:\\\/\\\/www.danielpradilla.info\\\/blog\\\/author\\\/danielpradilla\\\/\",\"name\":\"Daniel Pradilla\",\"image\":{\"@type\":\"ImageObject\",\"@id\":\"https:\\\/\\\/www.danielpradilla.info\\\/blog\\\/lo-que-podemos-aprender-del-general-maximus-steve-kamb\\\/#authorImage\",\"url\":\"https:\\\/\\\/secure.gravatar.com\\\/avatar\\\/b91ffbe374d7c4bc65533da1aa8f8d3d2526f49ce25c0ea54bc8bd0519fedc43?s=96&d=mm&r=g\",\"width\":96,\"height\":96,\"caption\":\"Daniel Pradilla\"}},{\"@type\":\"WebPage\",\"@id\":\"https:\\\/\\\/www.danielpradilla.info\\\/blog\\\/lo-que-podemos-aprender-del-general-maximus-steve-kamb\\\/#webpage\",\"url\":\"https:\\\/\\\/www.danielpradilla.info\\\/blog\\\/lo-que-podemos-aprender-del-general-maximus-steve-kamb\\\/\",\"name\":\"Lo que podemos aprender del General Maximus | Steve Kamb | Daniel Pradilla\",\"inLanguage\":\"en-US\",\"isPartOf\":{\"@id\":\"https:\\\/\\\/www.danielpradilla.info\\\/blog\\\/#website\"},\"breadcrumb\":{\"@id\":\"https:\\\/\\\/www.danielpradilla.info\\\/blog\\\/lo-que-podemos-aprender-del-general-maximus-steve-kamb\\\/#breadcrumblist\"},\"author\":{\"@id\":\"https:\\\/\\\/www.danielpradilla.info\\\/blog\\\/author\\\/danielpradilla\\\/#author\"},\"creator\":{\"@id\":\"https:\\\/\\\/www.danielpradilla.info\\\/blog\\\/author\\\/danielpradilla\\\/#author\"},\"datePublished\":\"2011-07-19T17:26:24+00:00\",\"dateModified\":\"2011-07-19T17:26:24+00:00\"},{\"@type\":\"WebSite\",\"@id\":\"https:\\\/\\\/www.danielpradilla.info\\\/blog\\\/#website\",\"url\":\"https:\\\/\\\/www.danielpradilla.info\\\/blog\\\/\",\"name\":\"Daniel Pradilla\",\"description\":\"getting the most out of technology\",\"inLanguage\":\"en-US\",\"publisher\":{\"@id\":\"https:\\\/\\\/www.danielpradilla.info\\\/blog\\\/#organization\"}}]}\n\t\t<\/script>\n\t\t<!-- All in One SEO -->\n\n","aioseo_head_json":{"title":"Lo que podemos aprender del General Maximus | Steve Kamb | Daniel Pradilla","description":"","canonical_url":"https:\/\/www.danielpradilla.info\/blog\/lo-que-podemos-aprender-del-general-maximus-steve-kamb\/","robots":"max-image-preview:large","keywords":"","webmasterTools":{"miscellaneous":""},"schema":{"@context":"https:\/\/schema.org","@graph":[{"@type":"Article","@id":"https:\/\/www.danielpradilla.info\/blog\/lo-que-podemos-aprender-del-general-maximus-steve-kamb\/#article","name":"Lo que podemos aprender del General Maximus | Steve Kamb | Daniel Pradilla","headline":"Lo que podemos aprender del General Maximus | Steve Kamb","author":{"@id":"https:\/\/www.danielpradilla.info\/blog\/author\/danielpradilla\/#author"},"publisher":{"@id":"https:\/\/www.danielpradilla.info\/blog\/#organization"},"datePublished":"2011-07-19T17:26:24+00:00","dateModified":"2011-07-19T17:26:24+00:00","inLanguage":"en-US","mainEntityOfPage":{"@id":"https:\/\/www.danielpradilla.info\/blog\/lo-que-podemos-aprender-del-general-maximus-steve-kamb\/#webpage"},"isPartOf":{"@id":"https:\/\/www.danielpradilla.info\/blog\/lo-que-podemos-aprender-del-general-maximus-steve-kamb\/#webpage"},"articleSection":"Estilo de vida"},{"@type":"BreadcrumbList","@id":"https:\/\/www.danielpradilla.info\/blog\/lo-que-podemos-aprender-del-general-maximus-steve-kamb\/#breadcrumblist","itemListElement":[{"@type":"ListItem","@id":"https:\/\/www.danielpradilla.info\/blog#listItem","position":1,"name":"Home","item":"https:\/\/www.danielpradilla.info\/blog","nextItem":{"@type":"ListItem","@id":"https:\/\/www.danielpradilla.info\/blog\/category\/estilo-de-vida\/#listItem","name":"Estilo de vida"}},{"@type":"ListItem","@id":"https:\/\/www.danielpradilla.info\/blog\/category\/estilo-de-vida\/#listItem","position":2,"name":"Estilo de vida","item":"https:\/\/www.danielpradilla.info\/blog\/category\/estilo-de-vida\/","nextItem":{"@type":"ListItem","@id":"https:\/\/www.danielpradilla.info\/blog\/lo-que-podemos-aprender-del-general-maximus-steve-kamb\/#listItem","name":"Lo que podemos aprender del General Maximus | Steve Kamb"},"previousItem":{"@type":"ListItem","@id":"https:\/\/www.danielpradilla.info\/blog#listItem","name":"Home"}},{"@type":"ListItem","@id":"https:\/\/www.danielpradilla.info\/blog\/lo-que-podemos-aprender-del-general-maximus-steve-kamb\/#listItem","position":3,"name":"Lo que podemos aprender del General Maximus | Steve Kamb","previousItem":{"@type":"ListItem","@id":"https:\/\/www.danielpradilla.info\/blog\/category\/estilo-de-vida\/#listItem","name":"Estilo de vida"}}]},{"@type":"Organization","@id":"https:\/\/www.danielpradilla.info\/blog\/#organization","name":"Daniel Pradilla","description":"getting the most out of technology","url":"https:\/\/www.danielpradilla.info\/blog\/"},{"@type":"Person","@id":"https:\/\/www.danielpradilla.info\/blog\/author\/danielpradilla\/#author","url":"https:\/\/www.danielpradilla.info\/blog\/author\/danielpradilla\/","name":"Daniel Pradilla","image":{"@type":"ImageObject","@id":"https:\/\/www.danielpradilla.info\/blog\/lo-que-podemos-aprender-del-general-maximus-steve-kamb\/#authorImage","url":"https:\/\/secure.gravatar.com\/avatar\/b91ffbe374d7c4bc65533da1aa8f8d3d2526f49ce25c0ea54bc8bd0519fedc43?s=96&d=mm&r=g","width":96,"height":96,"caption":"Daniel Pradilla"}},{"@type":"WebPage","@id":"https:\/\/www.danielpradilla.info\/blog\/lo-que-podemos-aprender-del-general-maximus-steve-kamb\/#webpage","url":"https:\/\/www.danielpradilla.info\/blog\/lo-que-podemos-aprender-del-general-maximus-steve-kamb\/","name":"Lo que podemos aprender del General Maximus | Steve Kamb | Daniel Pradilla","inLanguage":"en-US","isPartOf":{"@id":"https:\/\/www.danielpradilla.info\/blog\/#website"},"breadcrumb":{"@id":"https:\/\/www.danielpradilla.info\/blog\/lo-que-podemos-aprender-del-general-maximus-steve-kamb\/#breadcrumblist"},"author":{"@id":"https:\/\/www.danielpradilla.info\/blog\/author\/danielpradilla\/#author"},"creator":{"@id":"https:\/\/www.danielpradilla.info\/blog\/author\/danielpradilla\/#author"},"datePublished":"2011-07-19T17:26:24+00:00","dateModified":"2011-07-19T17:26:24+00:00"},{"@type":"WebSite","@id":"https:\/\/www.danielpradilla.info\/blog\/#website","url":"https:\/\/www.danielpradilla.info\/blog\/","name":"Daniel Pradilla","description":"getting the most out of technology","inLanguage":"en-US","publisher":{"@id":"https:\/\/www.danielpradilla.info\/blog\/#organization"}}]},"og:locale":"en_US","og:site_name":"Daniel Pradilla | getting the most out of technology","og:type":"article","og:title":"Lo que podemos aprender del General Maximus | Steve Kamb | Daniel Pradilla","og:url":"https:\/\/www.danielpradilla.info\/blog\/lo-que-podemos-aprender-del-general-maximus-steve-kamb\/","article:published_time":"2011-07-19T21:56:24+00:00","article:modified_time":"2011-07-19T21:56:24+00:00","twitter:card":"summary","twitter:title":"Lo que podemos aprender del General Maximus | Steve Kamb | Daniel Pradilla"},"aioseo_meta_data":{"post_id":"1680","title":null,"description":null,"keywords":null,"keyphrases":null,"primary_term":null,"canonical_url":null,"og_title":null,"og_description":null,"og_object_type":"default","og_image_type":"default","og_image_url":null,"og_image_width":null,"og_image_height":null,"og_image_custom_url":null,"og_image_custom_fields":null,"og_video":null,"og_custom_url":null,"og_article_section":null,"og_article_tags":null,"twitter_use_og":false,"twitter_card":"default","twitter_image_type":"default","twitter_image_url":null,"twitter_image_custom_url":null,"twitter_image_custom_fields":null,"twitter_title":null,"twitter_description":null,"schema":{"blockGraphs":[],"customGraphs":[],"default":{"data":{"Article":[],"Course":[],"Dataset":[],"FAQPage":[],"Movie":[],"Person":[],"Product":[],"ProductReview":[],"Car":[],"Recipe":[],"Service":[],"SoftwareApplication":[],"WebPage":[]},"graphName":"Article","isEnabled":true},"graphs":[]},"schema_type":"default","schema_type_options":null,"pillar_content":false,"robots_default":true,"robots_noindex":false,"robots_noarchive":false,"robots_nosnippet":false,"robots_nofollow":false,"robots_noimageindex":false,"robots_noodp":false,"robots_notranslate":false,"robots_max_snippet":null,"robots_max_videopreview":null,"robots_max_imagepreview":"large","priority":null,"frequency":null,"local_seo":null,"breadcrumb_settings":null,"limit_modified_date":false,"ai":null,"created":"2021-12-15 18:18:21","updated":"2025-08-25 22:47:11","seo_analyzer_scan_date":null,"focus_keyword":null,"additional_keywords":null,"truseo_locale":null},"aioseo_breadcrumb":"<div class=\"aioseo-breadcrumbs\"><span class=\"aioseo-breadcrumb\">\n\t\t\t<a href=\"https:\/\/www.danielpradilla.info\/blog\" title=\"Home\">Home<\/a>\n\t\t<\/span><span class=\"aioseo-breadcrumb-separator\">&raquo;<\/span><span class=\"aioseo-breadcrumb\">\n\t\t\t<a href=\"https:\/\/www.danielpradilla.info\/blog\/category\/estilo-de-vida\/\" title=\"Estilo de vida\">Estilo de vida<\/a>\n\t\t<\/span><span class=\"aioseo-breadcrumb-separator\">&raquo;<\/span><span class=\"aioseo-breadcrumb\">\n\t\t\tLo que podemos aprender del General Maximus | Steve Kamb\n\t\t<\/span><\/div>","aioseo_breadcrumb_json":[{"label":"Home","link":"https:\/\/www.danielpradilla.info\/blog"},{"label":"Estilo de vida","link":"https:\/\/www.danielpradilla.info\/blog\/category\/estilo-de-vida\/"},{"label":"Lo que podemos aprender del General Maximus | Steve Kamb","link":"https:\/\/www.danielpradilla.info\/blog\/lo-que-podemos-aprender-del-general-maximus-steve-kamb\/"}],"jetpack_shortlink":"https:\/\/wp.me\/p1tlzy-r6","jetpack_sharing_enabled":true,"jetpack-related-posts":[{"id":1556,"url":"https:\/\/www.danielpradilla.info\/blog\/el-primer-paso-para-encontrar-tu-pasion\/","url_meta":{"origin":1680,"position":0},"title":"El primer paso para encontrar tu pasi\u00f3n","author":"Daniel Pradilla","date":"21\/12\/2010","format":false,"excerpt":"Mientras investigaba para escribir una gu\u00eda de admisi\u00f3n en las universidades,\u00a0Cal Newport\u00a0recibi\u00f3 un consejo revelador durante una entrevista: \"Necesitas estar expuesta a muchas cosas\", me dijo. \"Debes exponerte inclusive cuando no sabes si estar\u00e1s interesada. Cuando consigas algo que te interesa, pers\u00edguelo; f\u00edjate si se te queda. En otras palabras,\u2026","rel":"","context":"In &quot;Destacados&quot;","block_context":{"text":"Destacados","link":"https:\/\/www.danielpradilla.info\/blog\/category\/destacados\/"},"img":{"alt_text":"","src":"https:\/\/i0.wp.com\/www.danielpradilla.info\/blog\/wp-content\/uploads\/2010\/10\/453-van_gogh.jpg?resize=350%2C200","width":350,"height":200,"srcset":"https:\/\/i0.wp.com\/www.danielpradilla.info\/blog\/wp-content\/uploads\/2010\/10\/453-van_gogh.jpg?resize=350%2C200 1x, https:\/\/i0.wp.com\/www.danielpradilla.info\/blog\/wp-content\/uploads\/2010\/10\/453-van_gogh.jpg?resize=525%2C300 1.5x"},"classes":[]},{"id":1827,"url":"https:\/\/www.danielpradilla.info\/blog\/presencia-online\/","url_meta":{"origin":1680,"position":1},"title":"Como mejorar tu presencia en l\u00ednea","author":"Daniel Pradilla","date":"14\/01\/2013","format":false,"excerpt":"En estos d\u00edas, mi primo me escribi\u00f3 con algunas preguntas sobre su presencia en l\u00ednea. \u00c9l est\u00e1 claro que tener y actualizar un curr\u00edculum es cosa del pasado\u00a0y lo crucial es mejorar tu presencia web. Mi respuesta consisti\u00f3 en dos partes, una relacionada con LinkedIn y otra con su blog\u2026","rel":"","context":"In &quot;Redes Sociales&quot;","block_context":{"text":"Redes Sociales","link":"https:\/\/www.danielpradilla.info\/blog\/category\/redessociales\/"},"img":{"alt_text":"","src":"https:\/\/i0.wp.com\/www.danielpradilla.info\/blog\/wp-content\/uploads\/2012\/12\/NA009016.jpeg?resize=350%2C200","width":350,"height":200,"srcset":"https:\/\/i0.wp.com\/www.danielpradilla.info\/blog\/wp-content\/uploads\/2012\/12\/NA009016.jpeg?resize=350%2C200 1x, https:\/\/i0.wp.com\/www.danielpradilla.info\/blog\/wp-content\/uploads\/2012\/12\/NA009016.jpeg?resize=525%2C300 1.5x"},"classes":[]},{"id":1553,"url":"https:\/\/www.danielpradilla.info\/blog\/como-mercadearte-en-15-segundos\/","url_meta":{"origin":1680,"position":2},"title":"C\u00f3mo mercadearte en 15 segundos","author":"Daniel Pradilla","date":"16\/11\/2010","format":false,"excerpt":"Casi todas las cosas \"productivas\" que he hecho en mi vida (software, libros, sitios web, eventos literarios), han sido resultado de una referencia. Alguien me recomend\u00f3, dio mi tel\u00e9fono o email. En otras palabras, mis esfuerzos de mercadeo son de pobres a nulos. Por esta raz\u00f3n siempre he cre\u00eddo que\u2026","rel":"","context":"In &quot;Destacados&quot;","block_context":{"text":"Destacados","link":"https:\/\/www.danielpradilla.info\/blog\/category\/destacados\/"},"img":{"alt_text":"","src":"https:\/\/i0.wp.com\/www.danielpradilla.info\/blog\/wp-content\/uploads\/2010\/10\/15-Second-Cover.jpg?resize=350%2C200","width":350,"height":200},"classes":[]},{"id":1600,"url":"https:\/\/www.danielpradilla.info\/blog\/como-organizarte-encontrar-tiempo-para-trabajar-ser-feliz-en-el-proceso\/","url_meta":{"origin":1680,"position":3},"title":"C\u00f3mo organizarte, encontrar tiempo para trabajar y ser feliz en el proceso","author":"Daniel Pradilla","date":"22\/02\/2011","format":false,"excerpt":"Este art\u00edculo pertenece a la serie de\u00a0virtualizaci\u00f3n, teletrabajo e independencia geogr\u00e1fica. No importa de qu\u00e9 vaya tu trabajo, la rutina es la misma todos los d\u00edas y comienza temprano en la ma\u00f1ana: emails, noticias, eventos, reclamos. Y si usas un computador para trabajar, la situaci\u00f3n es peor a\u00fan: Twitter, Facebook\u2026","rel":"","context":"In &quot;Estilo de vida&quot;","block_context":{"text":"Estilo de vida","link":"https:\/\/www.danielpradilla.info\/blog\/category\/estilo-de-vida\/"},"img":{"alt_text":"","src":"https:\/\/i0.wp.com\/www.afinidades.org\/wp-content\/uploads\/2010\/12\/to-do-list-nothing1.jpeg?resize=350%2C200","width":350,"height":200},"classes":[]},{"id":1602,"url":"https:\/\/www.danielpradilla.info\/blog\/4-herramientas-para-organizar-tu-vida\/","url_meta":{"origin":1680,"position":4},"title":"4 Herramientas para organizar tu vida","author":"Daniel Pradilla","date":"15\/02\/2011","format":false,"excerpt":"Este art\u00edculo pertenece a la serie de\u00a0virtualizaci\u00f3n, teletrabajo e independencia geogr\u00e1fica. Son muy pocas las personas que logran establecer una separaci\u00f3n fundamentalista entre sus espacios de trabajo y su hogar. Normalmente nuestro trabajo nos persigue a casa, nuestras tareas del hogar nos persiguen al trabajo, y ambas nos persiguen en\u2026","rel":"","context":"In &quot;Destacados&quot;","block_context":{"text":"Destacados","link":"https:\/\/www.danielpradilla.info\/blog\/category\/destacados\/"},"img":{"alt_text":"","src":"https:\/\/i0.wp.com\/www.danielpradilla.info\/blog\/wp-content\/uploads\/2011\/02\/modern-working-desk-2.jpeg?resize=350%2C200&ssl=1","width":350,"height":200},"classes":[]},{"id":1555,"url":"https:\/\/www.danielpradilla.info\/blog\/linkedin-para-profesionales\/","url_meta":{"origin":1680,"position":5},"title":"LinkedIn para profesionales","author":"Daniel Pradilla","date":"23\/11\/2010","format":false,"excerpt":"As\u00ed como Facebook se ha vuelto nuestro lubricante social por defecto, LinkedIn es el est\u00e1ndar mundial para hacer contactos profesionales. Casi todos mis amigos que han cambiado de trabajo en el \u00faltimo a\u00f1o, han sido contactados para su puesto actual v\u00eda LinkedIn. Sin embargo, todos tienen un perfil vergonzoso en\u2026","rel":"","context":"In &quot;Destacados&quot;","block_context":{"text":"Destacados","link":"https:\/\/www.danielpradilla.info\/blog\/category\/destacados\/"},"img":{"alt_text":"","src":"https:\/\/i0.wp.com\/www.danielpradilla.info\/blog\/wp-content\/uploads\/2010\/10\/linkedin-logo1.jpeg?resize=350%2C200","width":350,"height":200},"classes":[]}],"jetpack_featured_media_url":"","_links":{"self":[{"href":"https:\/\/www.danielpradilla.info\/blog\/wp-json\/wp\/v2\/posts\/1680","targetHints":{"allow":["GET"]}}],"collection":[{"href":"https:\/\/www.danielpradilla.info\/blog\/wp-json\/wp\/v2\/posts"}],"about":[{"href":"https:\/\/www.danielpradilla.info\/blog\/wp-json\/wp\/v2\/types\/post"}],"author":[{"embeddable":true,"href":"https:\/\/www.danielpradilla.info\/blog\/wp-json\/wp\/v2\/users\/2"}],"replies":[{"embeddable":true,"href":"https:\/\/www.danielpradilla.info\/blog\/wp-json\/wp\/v2\/comments?post=1680"}],"version-history":[{"count":0,"href":"https:\/\/www.danielpradilla.info\/blog\/wp-json\/wp\/v2\/posts\/1680\/revisions"}],"wp:attachment":[{"href":"https:\/\/www.danielpradilla.info\/blog\/wp-json\/wp\/v2\/media?parent=1680"}],"wp:term":[{"taxonomy":"category","embeddable":true,"href":"https:\/\/www.danielpradilla.info\/blog\/wp-json\/wp\/v2\/categories?post=1680"},{"taxonomy":"post_tag","embeddable":true,"href":"https:\/\/www.danielpradilla.info\/blog\/wp-json\/wp\/v2\/tags?post=1680"}],"curies":[{"name":"wp","href":"https:\/\/api.w.org\/{rel}","templated":true}]}}