{"id":1678,"date":"2011-07-10T03:38:26","date_gmt":"2011-07-10T08:08:26","guid":{"rendered":"http:\/\/www.danielpradilla.info\/blog\/?p=1678"},"modified":"2011-07-10T03:38:26","modified_gmt":"2011-07-10T08:08:26","slug":"el-abc-de-crear-una-cultura-empresarial-positiva","status":"publish","type":"post","link":"https:\/\/www.danielpradilla.info\/blog\/el-abc-de-crear-una-cultura-empresarial-positiva\/","title":{"rendered":"El ABC de crear una cultura empresarial positiva"},"content":{"rendered":"<p style=\"text-align: center;\"><a href=\"http:\/\/smartblogs.com\/leadership\/2011\/07\/06\/the-abcs-of-creating-a-cool-culture\/\"><img src='http:\/\/www.danielpradilla.info\/blog\/wp-content\/uploads\/2011\/07\/ABCs-200x300.jpg' alt='' \/><\/a><\/p>\n<p>&nbsp;<\/p>\n<ul>\n<li>D\u00e9jalos representar tu compa\u00f1\u00eda o marca.<\/li>\n<li>Pon sus fotos y cantales alabanzas en las comunicaciones internas y en facebook.<\/li>\n<li>P\u00edllalos haciendo las cosas bien.<\/li>\n<li>Pon tu ego a un lado y deja que otros corran con tu &#8220;beb\u00e9&#8221;<\/li>\n<li>Debes tener la paciencia de explicar lo que quieres, lo que significa y porqu\u00e9 lo quieres.<\/li>\n<\/ul>\n<p>Sigue leyendo <a href=\"http:\/\/smartblogs.com\/leadership\/2011\/07\/06\/the-abcs-of-creating-a-cool-culture\/\">The ABCs of creating a positive culture | SmartBlog on Leadership<\/a>.<\/p>\n","protected":false},"excerpt":{"rendered":"<p>&nbsp; D\u00e9jalos representar tu compa\u00f1\u00eda o marca. Pon sus fotos y cantales alabanzas en las comunicaciones internas y en facebook. P\u00edllalos haciendo las cosas bien. Pon tu ego a un lado y deja que otros corran con tu &#8220;beb\u00e9&#8221; Debes tener la paciencia de explicar lo que quieres, lo que significa y porqu\u00e9 lo quieres.&hellip; <a class=\"more-link\" href=\"https:\/\/www.danielpradilla.info\/blog\/el-abc-de-crear-una-cultura-empresarial-positiva\/\">Continue reading <span class=\"screen-reader-text\">El ABC de crear una cultura empresarial positiva<\/span><\/a><\/p>\n","protected":false},"author":2,"featured_media":0,"comment_status":"open","ping_status":"open","sticky":false,"template":"","format":"standard","meta":{"_jetpack_newsletter_access":"","_jetpack_dont_email_post_to_subs":false,"_jetpack_newsletter_tier_id":0,"_jetpack_memberships_contains_paywalled_content":false,"_jetpack_feature_clip_id":0,"_jetpack_memberships_contains_paid_content":false,"footnotes":"","jetpack_post_was_ever_published":false},"categories":[153],"tags":[],"class_list":["post-1678","post","type-post","status-publish","format-standard","hentry","category-controldeproyectos","entry"],"aioseo_notices":[],"aioseo_head":"\n\t\t<!-- All in One SEO 5.0.1.1 - aioseo.com -->\n\t<meta name=\"robots\" content=\"max-image-preview:large\" \/>\n\t<meta name=\"author\" content=\"Daniel Pradilla\"\/>\n\t<link rel=\"canonical\" href=\"https:\/\/www.danielpradilla.info\/blog\/el-abc-de-crear-una-cultura-empresarial-positiva\/\" \/>\n\t<meta name=\"generator\" content=\"All in One SEO (AIOSEO) 5.0.1.1\" \/>\n\t\t<meta property=\"og:locale\" content=\"en_US\" \/>\n\t\t<meta property=\"og:site_name\" content=\"Daniel Pradilla | getting the most out of technology\" \/>\n\t\t<meta property=\"og:type\" content=\"article\" \/>\n\t\t<meta property=\"og:title\" content=\"El ABC de crear una cultura empresarial positiva | Daniel Pradilla\" \/>\n\t\t<meta property=\"og:url\" content=\"https:\/\/www.danielpradilla.info\/blog\/el-abc-de-crear-una-cultura-empresarial-positiva\/\" \/>\n\t\t<meta property=\"article:published_time\" content=\"2011-07-10T08:08:26+00:00\" \/>\n\t\t<meta property=\"article:modified_time\" content=\"2011-07-10T08:08:26+00:00\" \/>\n\t\t<meta name=\"twitter:card\" content=\"summary\" \/>\n\t\t<meta name=\"twitter:title\" content=\"El ABC de crear una cultura empresarial positiva | Daniel Pradilla\" \/>\n\t\t<script type=\"application\/ld+json\" class=\"aioseo-schema\">\n\t\t\t{\"@context\":\"https:\\\/\\\/schema.org\",\"@graph\":[{\"@type\":\"Article\",\"@id\":\"https:\\\/\\\/www.danielpradilla.info\\\/blog\\\/el-abc-de-crear-una-cultura-empresarial-positiva\\\/#article\",\"name\":\"El ABC de crear una cultura empresarial positiva | Daniel Pradilla\",\"headline\":\"El ABC de crear una cultura empresarial positiva\",\"author\":{\"@id\":\"https:\\\/\\\/www.danielpradilla.info\\\/blog\\\/author\\\/danielpradilla\\\/#author\"},\"publisher\":{\"@id\":\"https:\\\/\\\/www.danielpradilla.info\\\/blog\\\/#organization\"},\"datePublished\":\"2011-07-10T03:38:26+00:00\",\"dateModified\":\"2011-07-10T03:38:26+00:00\",\"inLanguage\":\"en-US\",\"mainEntityOfPage\":{\"@id\":\"https:\\\/\\\/www.danielpradilla.info\\\/blog\\\/el-abc-de-crear-una-cultura-empresarial-positiva\\\/#webpage\"},\"isPartOf\":{\"@id\":\"https:\\\/\\\/www.danielpradilla.info\\\/blog\\\/el-abc-de-crear-una-cultura-empresarial-positiva\\\/#webpage\"},\"articleSection\":\"Control de Proyectos\"},{\"@type\":\"BreadcrumbList\",\"@id\":\"https:\\\/\\\/www.danielpradilla.info\\\/blog\\\/el-abc-de-crear-una-cultura-empresarial-positiva\\\/#breadcrumblist\",\"itemListElement\":[{\"@type\":\"ListItem\",\"@id\":\"https:\\\/\\\/www.danielpradilla.info\\\/blog#listItem\",\"position\":1,\"name\":\"Home\",\"item\":\"https:\\\/\\\/www.danielpradilla.info\\\/blog\",\"nextItem\":{\"@type\":\"ListItem\",\"@id\":\"https:\\\/\\\/www.danielpradilla.info\\\/blog\\\/category\\\/controldeproyectos\\\/#listItem\",\"name\":\"Control de Proyectos\"}},{\"@type\":\"ListItem\",\"@id\":\"https:\\\/\\\/www.danielpradilla.info\\\/blog\\\/category\\\/controldeproyectos\\\/#listItem\",\"position\":2,\"name\":\"Control de Proyectos\",\"item\":\"https:\\\/\\\/www.danielpradilla.info\\\/blog\\\/category\\\/controldeproyectos\\\/\",\"nextItem\":{\"@type\":\"ListItem\",\"@id\":\"https:\\\/\\\/www.danielpradilla.info\\\/blog\\\/el-abc-de-crear-una-cultura-empresarial-positiva\\\/#listItem\",\"name\":\"El ABC de crear una cultura empresarial positiva\"},\"previousItem\":{\"@type\":\"ListItem\",\"@id\":\"https:\\\/\\\/www.danielpradilla.info\\\/blog#listItem\",\"name\":\"Home\"}},{\"@type\":\"ListItem\",\"@id\":\"https:\\\/\\\/www.danielpradilla.info\\\/blog\\\/el-abc-de-crear-una-cultura-empresarial-positiva\\\/#listItem\",\"position\":3,\"name\":\"El ABC de crear una cultura empresarial positiva\",\"previousItem\":{\"@type\":\"ListItem\",\"@id\":\"https:\\\/\\\/www.danielpradilla.info\\\/blog\\\/category\\\/controldeproyectos\\\/#listItem\",\"name\":\"Control de Proyectos\"}}]},{\"@type\":\"Organization\",\"@id\":\"https:\\\/\\\/www.danielpradilla.info\\\/blog\\\/#organization\",\"name\":\"Daniel Pradilla\",\"description\":\"getting the most out of technology\",\"url\":\"https:\\\/\\\/www.danielpradilla.info\\\/blog\\\/\"},{\"@type\":\"Person\",\"@id\":\"https:\\\/\\\/www.danielpradilla.info\\\/blog\\\/author\\\/danielpradilla\\\/#author\",\"url\":\"https:\\\/\\\/www.danielpradilla.info\\\/blog\\\/author\\\/danielpradilla\\\/\",\"name\":\"Daniel Pradilla\",\"image\":{\"@type\":\"ImageObject\",\"@id\":\"https:\\\/\\\/www.danielpradilla.info\\\/blog\\\/el-abc-de-crear-una-cultura-empresarial-positiva\\\/#authorImage\",\"url\":\"https:\\\/\\\/secure.gravatar.com\\\/avatar\\\/b91ffbe374d7c4bc65533da1aa8f8d3d2526f49ce25c0ea54bc8bd0519fedc43?s=96&d=mm&r=g\",\"width\":96,\"height\":96,\"caption\":\"Daniel Pradilla\"}},{\"@type\":\"WebPage\",\"@id\":\"https:\\\/\\\/www.danielpradilla.info\\\/blog\\\/el-abc-de-crear-una-cultura-empresarial-positiva\\\/#webpage\",\"url\":\"https:\\\/\\\/www.danielpradilla.info\\\/blog\\\/el-abc-de-crear-una-cultura-empresarial-positiva\\\/\",\"name\":\"El ABC de crear una cultura empresarial positiva | Daniel Pradilla\",\"inLanguage\":\"en-US\",\"isPartOf\":{\"@id\":\"https:\\\/\\\/www.danielpradilla.info\\\/blog\\\/#website\"},\"breadcrumb\":{\"@id\":\"https:\\\/\\\/www.danielpradilla.info\\\/blog\\\/el-abc-de-crear-una-cultura-empresarial-positiva\\\/#breadcrumblist\"},\"author\":{\"@id\":\"https:\\\/\\\/www.danielpradilla.info\\\/blog\\\/author\\\/danielpradilla\\\/#author\"},\"creator\":{\"@id\":\"https:\\\/\\\/www.danielpradilla.info\\\/blog\\\/author\\\/danielpradilla\\\/#author\"},\"datePublished\":\"2011-07-10T03:38:26+00:00\",\"dateModified\":\"2011-07-10T03:38:26+00:00\"},{\"@type\":\"WebSite\",\"@id\":\"https:\\\/\\\/www.danielpradilla.info\\\/blog\\\/#website\",\"url\":\"https:\\\/\\\/www.danielpradilla.info\\\/blog\\\/\",\"name\":\"Daniel Pradilla\",\"description\":\"getting the most out of technology\",\"inLanguage\":\"en-US\",\"publisher\":{\"@id\":\"https:\\\/\\\/www.danielpradilla.info\\\/blog\\\/#organization\"}}]}\n\t\t<\/script>\n\t\t<!-- All in One SEO -->\n\n","aioseo_head_json":{"title":"El ABC de crear una cultura empresarial positiva | Daniel Pradilla","description":"","canonical_url":"https:\/\/www.danielpradilla.info\/blog\/el-abc-de-crear-una-cultura-empresarial-positiva\/","robots":"max-image-preview:large","keywords":"","webmasterTools":{"miscellaneous":""},"schema":{"@context":"https:\/\/schema.org","@graph":[{"@type":"Article","@id":"https:\/\/www.danielpradilla.info\/blog\/el-abc-de-crear-una-cultura-empresarial-positiva\/#article","name":"El ABC de crear una cultura empresarial positiva | Daniel Pradilla","headline":"El ABC de crear una cultura empresarial positiva","author":{"@id":"https:\/\/www.danielpradilla.info\/blog\/author\/danielpradilla\/#author"},"publisher":{"@id":"https:\/\/www.danielpradilla.info\/blog\/#organization"},"datePublished":"2011-07-10T03:38:26+00:00","dateModified":"2011-07-10T03:38:26+00:00","inLanguage":"en-US","mainEntityOfPage":{"@id":"https:\/\/www.danielpradilla.info\/blog\/el-abc-de-crear-una-cultura-empresarial-positiva\/#webpage"},"isPartOf":{"@id":"https:\/\/www.danielpradilla.info\/blog\/el-abc-de-crear-una-cultura-empresarial-positiva\/#webpage"},"articleSection":"Control de Proyectos"},{"@type":"BreadcrumbList","@id":"https:\/\/www.danielpradilla.info\/blog\/el-abc-de-crear-una-cultura-empresarial-positiva\/#breadcrumblist","itemListElement":[{"@type":"ListItem","@id":"https:\/\/www.danielpradilla.info\/blog#listItem","position":1,"name":"Home","item":"https:\/\/www.danielpradilla.info\/blog","nextItem":{"@type":"ListItem","@id":"https:\/\/www.danielpradilla.info\/blog\/category\/controldeproyectos\/#listItem","name":"Control de Proyectos"}},{"@type":"ListItem","@id":"https:\/\/www.danielpradilla.info\/blog\/category\/controldeproyectos\/#listItem","position":2,"name":"Control de Proyectos","item":"https:\/\/www.danielpradilla.info\/blog\/category\/controldeproyectos\/","nextItem":{"@type":"ListItem","@id":"https:\/\/www.danielpradilla.info\/blog\/el-abc-de-crear-una-cultura-empresarial-positiva\/#listItem","name":"El ABC de crear una cultura empresarial positiva"},"previousItem":{"@type":"ListItem","@id":"https:\/\/www.danielpradilla.info\/blog#listItem","name":"Home"}},{"@type":"ListItem","@id":"https:\/\/www.danielpradilla.info\/blog\/el-abc-de-crear-una-cultura-empresarial-positiva\/#listItem","position":3,"name":"El ABC de crear una cultura empresarial positiva","previousItem":{"@type":"ListItem","@id":"https:\/\/www.danielpradilla.info\/blog\/category\/controldeproyectos\/#listItem","name":"Control de Proyectos"}}]},{"@type":"Organization","@id":"https:\/\/www.danielpradilla.info\/blog\/#organization","name":"Daniel Pradilla","description":"getting the most out of technology","url":"https:\/\/www.danielpradilla.info\/blog\/"},{"@type":"Person","@id":"https:\/\/www.danielpradilla.info\/blog\/author\/danielpradilla\/#author","url":"https:\/\/www.danielpradilla.info\/blog\/author\/danielpradilla\/","name":"Daniel Pradilla","image":{"@type":"ImageObject","@id":"https:\/\/www.danielpradilla.info\/blog\/el-abc-de-crear-una-cultura-empresarial-positiva\/#authorImage","url":"https:\/\/secure.gravatar.com\/avatar\/b91ffbe374d7c4bc65533da1aa8f8d3d2526f49ce25c0ea54bc8bd0519fedc43?s=96&d=mm&r=g","width":96,"height":96,"caption":"Daniel Pradilla"}},{"@type":"WebPage","@id":"https:\/\/www.danielpradilla.info\/blog\/el-abc-de-crear-una-cultura-empresarial-positiva\/#webpage","url":"https:\/\/www.danielpradilla.info\/blog\/el-abc-de-crear-una-cultura-empresarial-positiva\/","name":"El ABC de crear una cultura empresarial positiva | Daniel Pradilla","inLanguage":"en-US","isPartOf":{"@id":"https:\/\/www.danielpradilla.info\/blog\/#website"},"breadcrumb":{"@id":"https:\/\/www.danielpradilla.info\/blog\/el-abc-de-crear-una-cultura-empresarial-positiva\/#breadcrumblist"},"author":{"@id":"https:\/\/www.danielpradilla.info\/blog\/author\/danielpradilla\/#author"},"creator":{"@id":"https:\/\/www.danielpradilla.info\/blog\/author\/danielpradilla\/#author"},"datePublished":"2011-07-10T03:38:26+00:00","dateModified":"2011-07-10T03:38:26+00:00"},{"@type":"WebSite","@id":"https:\/\/www.danielpradilla.info\/blog\/#website","url":"https:\/\/www.danielpradilla.info\/blog\/","name":"Daniel Pradilla","description":"getting the most out of technology","inLanguage":"en-US","publisher":{"@id":"https:\/\/www.danielpradilla.info\/blog\/#organization"}}]},"og:locale":"en_US","og:site_name":"Daniel Pradilla | getting the most out of technology","og:type":"article","og:title":"El ABC de crear una cultura empresarial positiva | Daniel Pradilla","og:url":"https:\/\/www.danielpradilla.info\/blog\/el-abc-de-crear-una-cultura-empresarial-positiva\/","article:published_time":"2011-07-10T08:08:26+00:00","article:modified_time":"2011-07-10T08:08:26+00:00","twitter:card":"summary","twitter:title":"El ABC de crear una cultura empresarial positiva | Daniel Pradilla"},"aioseo_meta_data":{"post_id":"1678","title":null,"description":null,"keywords":null,"keyphrases":null,"primary_term":null,"canonical_url":null,"og_title":null,"og_description":null,"og_object_type":"default","og_image_type":"default","og_image_url":null,"og_image_width":null,"og_image_height":null,"og_image_custom_url":null,"og_image_custom_fields":null,"og_video":null,"og_custom_url":null,"og_article_section":null,"og_article_tags":null,"twitter_use_og":false,"twitter_card":"default","twitter_image_type":"default","twitter_image_url":null,"twitter_image_custom_url":null,"twitter_image_custom_fields":null,"twitter_title":null,"twitter_description":null,"schema":{"blockGraphs":[],"customGraphs":[],"default":{"data":{"Article":[],"Course":[],"Dataset":[],"FAQPage":[],"Movie":[],"Person":[],"Product":[],"ProductReview":[],"Car":[],"Recipe":[],"Service":[],"SoftwareApplication":[],"WebPage":[]},"graphName":"Article","isEnabled":true},"graphs":[]},"schema_type":"default","schema_type_options":null,"pillar_content":false,"robots_default":true,"robots_noindex":false,"robots_noarchive":false,"robots_nosnippet":false,"robots_nofollow":false,"robots_noimageindex":false,"robots_noodp":false,"robots_notranslate":false,"robots_max_snippet":null,"robots_max_videopreview":null,"robots_max_imagepreview":"large","priority":null,"frequency":null,"local_seo":null,"breadcrumb_settings":null,"limit_modified_date":false,"ai":null,"created":"2021-12-15 18:18:21","updated":"2025-08-25 22:47:11","seo_analyzer_scan_date":null,"focus_keyword":null,"additional_keywords":null,"truseo_locale":null},"aioseo_breadcrumb":"<div class=\"aioseo-breadcrumbs\"><span class=\"aioseo-breadcrumb\">\n\t\t\t<a href=\"https:\/\/www.danielpradilla.info\/blog\" title=\"Home\">Home<\/a>\n\t\t<\/span><span class=\"aioseo-breadcrumb-separator\">&raquo;<\/span><span class=\"aioseo-breadcrumb\">\n\t\t\t<a href=\"https:\/\/www.danielpradilla.info\/blog\/category\/controldeproyectos\/\" title=\"Control de Proyectos\">Control de Proyectos<\/a>\n\t\t<\/span><span class=\"aioseo-breadcrumb-separator\">&raquo;<\/span><span class=\"aioseo-breadcrumb\">\n\t\t\tEl ABC de crear una cultura empresarial positiva\n\t\t<\/span><\/div>","aioseo_breadcrumb_json":[{"label":"Home","link":"https:\/\/www.danielpradilla.info\/blog"},{"label":"Control de Proyectos","link":"https:\/\/www.danielpradilla.info\/blog\/category\/controldeproyectos\/"},{"label":"El ABC de crear una cultura empresarial positiva","link":"https:\/\/www.danielpradilla.info\/blog\/el-abc-de-crear-una-cultura-empresarial-positiva\/"}],"jetpack_shortlink":"https:\/\/wp.me\/p1tlzy-r4","jetpack_sharing_enabled":true,"jetpack-related-posts":[{"id":1827,"url":"https:\/\/www.danielpradilla.info\/blog\/presencia-online\/","url_meta":{"origin":1678,"position":0},"title":"Como mejorar tu presencia en l\u00ednea","author":"Daniel Pradilla","date":"14\/01\/2013","format":false,"excerpt":"En estos d\u00edas, mi primo me escribi\u00f3 con algunas preguntas sobre su presencia en l\u00ednea. \u00c9l est\u00e1 claro que tener y actualizar un curr\u00edculum es cosa del pasado\u00a0y lo crucial es mejorar tu presencia web. Mi respuesta consisti\u00f3 en dos partes, una relacionada con LinkedIn y otra con su blog\u2026","rel":"","context":"In &quot;Redes Sociales&quot;","block_context":{"text":"Redes Sociales","link":"https:\/\/www.danielpradilla.info\/blog\/category\/redessociales\/"},"img":{"alt_text":"","src":"https:\/\/i0.wp.com\/www.danielpradilla.info\/blog\/wp-content\/uploads\/2012\/12\/NA009016.jpeg?resize=350%2C200","width":350,"height":200,"srcset":"https:\/\/i0.wp.com\/www.danielpradilla.info\/blog\/wp-content\/uploads\/2012\/12\/NA009016.jpeg?resize=350%2C200 1x, https:\/\/i0.wp.com\/www.danielpradilla.info\/blog\/wp-content\/uploads\/2012\/12\/NA009016.jpeg?resize=525%2C300 1.5x"},"classes":[]},{"id":1712,"url":"https:\/\/www.danielpradilla.info\/blog\/jugo-dropbox\/","url_meta":{"origin":1678,"position":1},"title":"4 formas sacarle el jugo a tu dropbox","author":"Daniel Pradilla","date":"15\/01\/2012","format":false,"excerpt":"Dropbox es una de mis herramientas esenciales. Hace tiempo, puse un link a un art\u00edculo sobre como manter ordenado tu dropbox. Si ya lo usas, tengo 4 maneras de usarlo que quiz\u00e1s no conoc\u00edas: \u00a0 1. Sube archivos v\u00eda email Send To Dropbox es un servicio que te asigna una\u2026","rel":"","context":"In &quot;Control de Proyectos&quot;","block_context":{"text":"Control de Proyectos","link":"https:\/\/www.danielpradilla.info\/blog\/category\/controldeproyectos\/"},"img":{"alt_text":"","src":"https:\/\/i0.wp.com\/www.danielpradilla.info\/blog\/wp-content\/uploads\/2012\/01\/dropbox_logo.png?resize=350%2C200","width":350,"height":200},"classes":[]},{"id":1627,"url":"https:\/\/www.danielpradilla.info\/blog\/como-hacer-tu-email-se-convierta-en-tu-asistente-personal\/","url_meta":{"origin":1678,"position":2},"title":"C\u00f3mo hacer que tu email se convierta en tu asistente personal","author":"Daniel Pradilla","date":"01\/04\/2011","format":false,"excerpt":"Este art\u00edculo pertenece a la serie de virtualizaci\u00f3n,\u00a0teletrabajo e independencia geogr\u00e1fica. Inbox zero es una de las filosof\u00edas m\u00e1s efectivas para aprovechar el tiempo. B\u00e1sicamente, usas la bandeja de entrada de tu correo como una lista de tareas pendientes. Cuando tu bandeja est\u00e1 vac\u00eda, no tienes trabajo por hacer. De\u2026","rel":"","context":"In &quot;Control de Proyectos&quot;","block_context":{"text":"Control de Proyectos","link":"https:\/\/www.danielpradilla.info\/blog\/category\/controldeproyectos\/"},"img":{"alt_text":"","src":"https:\/\/i0.wp.com\/www.afinidades.org\/wp-content\/uploads\/2011\/03\/tomorrow_large.png?resize=350%2C200","width":350,"height":200},"classes":[]},{"id":1602,"url":"https:\/\/www.danielpradilla.info\/blog\/4-herramientas-para-organizar-tu-vida\/","url_meta":{"origin":1678,"position":3},"title":"4 Herramientas para organizar tu vida","author":"Daniel Pradilla","date":"15\/02\/2011","format":false,"excerpt":"Este art\u00edculo pertenece a la serie de\u00a0virtualizaci\u00f3n, teletrabajo e independencia geogr\u00e1fica. Son muy pocas las personas que logran establecer una separaci\u00f3n fundamentalista entre sus espacios de trabajo y su hogar. Normalmente nuestro trabajo nos persigue a casa, nuestras tareas del hogar nos persiguen al trabajo, y ambas nos persiguen en\u2026","rel":"","context":"In &quot;Destacados&quot;","block_context":{"text":"Destacados","link":"https:\/\/www.danielpradilla.info\/blog\/category\/destacados\/"},"img":{"alt_text":"","src":"https:\/\/i0.wp.com\/www.danielpradilla.info\/blog\/wp-content\/uploads\/2011\/02\/modern-working-desk-2.jpeg?resize=350%2C200&ssl=1","width":350,"height":200},"classes":[]},{"id":1734,"url":"https:\/\/www.danielpradilla.info\/blog\/backups\/","url_meta":{"origin":1678,"position":4},"title":"\u00bfHace cu\u00e1nto no haces un respaldo?","author":"Daniel Pradilla","date":"19\/04\/2012","format":false,"excerpt":"Respaldar con frecuencia es uno de mis mandamientos. Seg\u00fan un estudio reciente, s\u00f3lo el 28% de las personas hace un respaldo diario. \u00a1Y conociendo a mis amigos, \u00a0me parece alentador! Hay s\u00f3lo dos tipos de discos duros: los que fallaron y los que van a fallar. Un estudio de Google\u2026","rel":"","context":"In &quot;Estilo de vida&quot;","block_context":{"text":"Estilo de vida","link":"https:\/\/www.danielpradilla.info\/blog\/category\/estilo-de-vida\/"},"img":{"alt_text":"","src":"https:\/\/i0.wp.com\/www.danielpradilla.info\/blog\/wp-content\/uploads\/2012\/04\/Hindenburg.jpeg?resize=350%2C200","width":350,"height":200},"classes":[]},{"id":1655,"url":"https:\/\/www.danielpradilla.info\/blog\/empresas-redes-sociales\/","url_meta":{"origin":1678,"position":5},"title":"5 pasos esenciales para promocionar a tu empresa en las redes sociales","author":"Daniel Pradilla","date":"17\/05\/2011","format":false,"excerpt":"En agosto de 2010 hab\u00eda 71 millones de hispanoparlantes en facebook. 2 de los 10 principales pa\u00edses en los que se usa twitter, hablan castellano. Las redes sociales han cambiado para siempre la forma de mercadearte y hacer dinero. Cuando el 100% de tus potenciales clientes tienen una cuenta en\u2026","rel":"","context":"In &quot;Redes Sociales&quot;","block_context":{"text":"Redes Sociales","link":"https:\/\/www.danielpradilla.info\/blog\/category\/redessociales\/"},"img":{"alt_text":"","src":"https:\/\/i0.wp.com\/www.danielpradilla.info\/blog\/wp-content\/uploads\/2011\/05\/the-social-network.png?resize=350%2C200","width":350,"height":200},"classes":[]}],"jetpack_featured_media_url":"","_links":{"self":[{"href":"https:\/\/www.danielpradilla.info\/blog\/wp-json\/wp\/v2\/posts\/1678","targetHints":{"allow":["GET"]}}],"collection":[{"href":"https:\/\/www.danielpradilla.info\/blog\/wp-json\/wp\/v2\/posts"}],"about":[{"href":"https:\/\/www.danielpradilla.info\/blog\/wp-json\/wp\/v2\/types\/post"}],"author":[{"embeddable":true,"href":"https:\/\/www.danielpradilla.info\/blog\/wp-json\/wp\/v2\/users\/2"}],"replies":[{"embeddable":true,"href":"https:\/\/www.danielpradilla.info\/blog\/wp-json\/wp\/v2\/comments?post=1678"}],"version-history":[{"count":0,"href":"https:\/\/www.danielpradilla.info\/blog\/wp-json\/wp\/v2\/posts\/1678\/revisions"}],"wp:attachment":[{"href":"https:\/\/www.danielpradilla.info\/blog\/wp-json\/wp\/v2\/media?parent=1678"}],"wp:term":[{"taxonomy":"category","embeddable":true,"href":"https:\/\/www.danielpradilla.info\/blog\/wp-json\/wp\/v2\/categories?post=1678"},{"taxonomy":"post_tag","embeddable":true,"href":"https:\/\/www.danielpradilla.info\/blog\/wp-json\/wp\/v2\/tags?post=1678"}],"curies":[{"name":"wp","href":"https:\/\/api.w.org\/{rel}","templated":true}]}}