{"id":1652,"date":"2011-05-15T14:14:38","date_gmt":"2011-05-15T18:44:38","guid":{"rendered":"http:\/\/www.danielpradilla.info\/blog\/?p=1652"},"modified":"2011-05-08T14:37:07","modified_gmt":"2011-05-08T19:07:07","slug":"como-ordenar-tu-lugar-de-trabajo","status":"publish","type":"post","link":"https:\/\/www.danielpradilla.info\/blog\/como-ordenar-tu-lugar-de-trabajo\/","title":{"rendered":"C\u00f3mo ordenar tu lugar de trabajo"},"content":{"rendered":"<figure id=\"attachment_1653\" aria-describedby=\"caption-attachment-1653\" style=\"width: 500px\" class=\"wp-caption aligncenter\"><a href=\"http:\/\/www.flickr.com\/photos\/johanl\/2541710549\/\"><img loading=\"lazy\" decoding=\"async\" data-attachment-id=\"1653\" data-permalink=\"https:\/\/www.danielpradilla.info\/blog\/como-ordenar-tu-lugar-de-trabajo\/2541710549_e7b9260aa5\/\" data-orig-file=\"https:\/\/www.danielpradilla.info\/blog\/wp-content\/uploads\/2011\/05\/2541710549_e7b9260aa5.jpeg\" data-orig-size=\"500,333\" data-comments-opened=\"1\" data-image-meta=\"{&quot;aperture&quot;:&quot;0&quot;,&quot;credit&quot;:&quot;&quot;,&quot;camera&quot;:&quot;&quot;,&quot;caption&quot;:&quot;&quot;,&quot;created_timestamp&quot;:&quot;0&quot;,&quot;copyright&quot;:&quot;&quot;,&quot;focal_length&quot;:&quot;0&quot;,&quot;iso&quot;:&quot;0&quot;,&quot;shutter_speed&quot;:&quot;0&quot;,&quot;title&quot;:&quot;&quot;}\" data-image-title=\"2541710549_e7b9260aa5\" data-image-description=\"\" data-image-caption=\"&lt;p&gt;foto: Johan Larsson&lt;\/p&gt;\n\" data-large-file=\"https:\/\/www.danielpradilla.info\/blog\/wp-content\/uploads\/2011\/05\/2541710549_e7b9260aa5.jpeg\" class=\"size-full wp-image-1653\" title=\"2541710549_e7b9260aa5\" src=\"http:\/\/www.danielpradilla.info\/blog\/wp-content\/uploads\/2011\/05\/2541710549_e7b9260aa5.jpeg\" alt=\"\" width=\"500\" height=\"333\" srcset=\"https:\/\/www.danielpradilla.info\/blog\/wp-content\/uploads\/2011\/05\/2541710549_e7b9260aa5.jpeg 500w, https:\/\/www.danielpradilla.info\/blog\/wp-content\/uploads\/2011\/05\/2541710549_e7b9260aa5-300x199.jpg 300w\" sizes=\"auto, (max-width: 500px) 100vw, 500px\" \/><\/a><figcaption id=\"caption-attachment-1653\" class=\"wp-caption-text\">foto: Johan Larsson<\/figcaption><\/figure>\n<p>Para mi el desorden es la primera causa de impoductividad en el trabajo. Genera distracciones, hace que no te sientas bien y en mi caso, la idea de que eventualmente tengo que arreglar mi lugar de trabajo me causa estr\u00e9s.<\/p>\n<p>Jason Fitzpatrick, en Lifehacker, nos cuenta como hizo un <a href=\"http:\/\/lifehacker.com\/396692\/extreme-lifehacker-home-office-makeover\" target=\"_blank\"><em>extreme makeover<\/em> de su oficina<\/a>, con \u00fatiles v\u00ednculos a los materiales t\u00e9cnicas que utiliz\u00f3.<\/p>\n<p><a href=\"http:\/\/www.amazon.com\/gp\/product\/143915046X\/ref=as_li_ss_tl?ie=UTF8&amp;tag=panfletonegro&amp;linkCode=as2&amp;camp=217145&amp;creative=399349&amp;creativeASIN=143915046X\"><img loading=\"lazy\" decoding=\"async\" data-attachment-id=\"1654\" data-permalink=\"https:\/\/www.danielpradilla.info\/blog\/como-ordenar-tu-lugar-de-trabajo\/unclutter-your-life-in-one-week\/\" data-orig-file=\"https:\/\/www.danielpradilla.info\/blog\/wp-content\/uploads\/2011\/05\/Unclutter-Your-Life-in-One-Week.jpeg\" data-orig-size=\"260,394\" data-comments-opened=\"1\" data-image-meta=\"{&quot;aperture&quot;:&quot;0&quot;,&quot;credit&quot;:&quot;&quot;,&quot;camera&quot;:&quot;&quot;,&quot;caption&quot;:&quot;&quot;,&quot;created_timestamp&quot;:&quot;0&quot;,&quot;copyright&quot;:&quot;&quot;,&quot;focal_length&quot;:&quot;0&quot;,&quot;iso&quot;:&quot;0&quot;,&quot;shutter_speed&quot;:&quot;0&quot;,&quot;title&quot;:&quot;&quot;}\" data-image-title=\"Unclutter Your Life in One Week\" data-image-description=\"\" data-image-caption=\"\" data-large-file=\"https:\/\/www.danielpradilla.info\/blog\/wp-content\/uploads\/2011\/05\/Unclutter-Your-Life-in-One-Week.jpeg\" class=\"alignright size-medium wp-image-1654\" title=\"Unclutter Your Life in One Week\" src=\"http:\/\/www.danielpradilla.info\/blog\/wp-content\/uploads\/2011\/05\/Unclutter-Your-Life-in-One-Week-197x300.jpg\" alt=\"\" width=\"197\" height=\"300\" srcset=\"https:\/\/www.danielpradilla.info\/blog\/wp-content\/uploads\/2011\/05\/Unclutter-Your-Life-in-One-Week-197x300.jpg 197w, https:\/\/www.danielpradilla.info\/blog\/wp-content\/uploads\/2011\/05\/Unclutter-Your-Life-in-One-Week.jpeg 260w\" sizes=\"auto, (max-width: 197px) 100vw, 197px\" \/><\/a>Erin Doland, autora del <a href=\"http:\/\/unclutterer.com\/\" target=\"_blank\">blog<\/a> y el <a href=\"http:\/\/www.amazon.com\/gp\/product\/143915046X\/ref=as_li_ss_tl?ie=UTF8&amp;tag=panfletonegro&amp;linkCode=as2&amp;camp=217145&amp;creative=399349&amp;creativeASIN=143915046X\" target=\"_blank\">libro<\/a> Unclutterer, argumenta que el problema no es limpiar o recoger con regularidad. El problema es que <strong>no tenemos procesos para organizar nuestras vidas<\/strong> y nuestros espacios. En <a href=\"http:\/\/zenhabits.net\/are-you-an-unclutterer-or-a-cleaner\/\" target=\"_blank\">este art\u00edculo<\/a>, Erin propone la poderosa idea de invertir un poco de tiempo en crear procesos para dejar de acumular cosas in\u00fatiles y salirse del proceso eterno de limpiar-ensuciar.<\/p>\n<p>&nbsp;<\/p>\n","protected":false},"excerpt":{"rendered":"<p>Para mi el desorden es la primera causa de impoductividad en el trabajo. Genera distracciones, hace que no te sientas bien y en mi caso, la idea de que eventualmente tengo que arreglar mi lugar de trabajo me causa estr\u00e9s. Jason Fitzpatrick, en Lifehacker, nos cuenta como hizo un extreme makeover de su oficina, con&hellip; <a class=\"more-link\" href=\"https:\/\/www.danielpradilla.info\/blog\/como-ordenar-tu-lugar-de-trabajo\/\">Continue reading <span class=\"screen-reader-text\">C\u00f3mo ordenar tu lugar de trabajo<\/span><\/a><\/p>\n","protected":false},"author":2,"featured_media":0,"comment_status":"open","ping_status":"open","sticky":false,"template":"","format":"standard","meta":{"_jetpack_newsletter_access":"","_jetpack_dont_email_post_to_subs":false,"_jetpack_newsletter_tier_id":0,"_jetpack_memberships_contains_paywalled_content":false,"_jetpack_feature_clip_id":0,"_jetpack_memberships_contains_paid_content":false,"footnotes":"","jetpack_post_was_ever_published":false},"categories":[154],"tags":[],"class_list":["post-1652","post","type-post","status-publish","format-standard","hentry","category-estilo-de-vida","entry"],"aioseo_notices":[],"aioseo_head":"\n\t\t<!-- All in One SEO 5.0.1.1 - aioseo.com -->\n\t<meta name=\"robots\" content=\"max-image-preview:large\" \/>\n\t<meta name=\"author\" content=\"Daniel Pradilla\"\/>\n\t<link rel=\"canonical\" href=\"https:\/\/www.danielpradilla.info\/blog\/como-ordenar-tu-lugar-de-trabajo\/\" \/>\n\t<meta name=\"generator\" content=\"All in One SEO (AIOSEO) 5.0.1.1\" \/>\n\t\t<meta property=\"og:locale\" content=\"en_US\" \/>\n\t\t<meta property=\"og:site_name\" content=\"Daniel Pradilla | getting the most out of technology\" \/>\n\t\t<meta property=\"og:type\" content=\"article\" \/>\n\t\t<meta property=\"og:title\" content=\"C\u00f3mo ordenar tu lugar de trabajo | Daniel Pradilla\" \/>\n\t\t<meta property=\"og:url\" content=\"https:\/\/www.danielpradilla.info\/blog\/como-ordenar-tu-lugar-de-trabajo\/\" \/>\n\t\t<meta property=\"article:published_time\" content=\"2011-05-15T18:44:38+00:00\" \/>\n\t\t<meta property=\"article:modified_time\" content=\"2011-05-08T19:07:07+00:00\" \/>\n\t\t<meta name=\"twitter:card\" content=\"summary\" \/>\n\t\t<meta name=\"twitter:title\" content=\"C\u00f3mo ordenar tu lugar de trabajo | Daniel Pradilla\" \/>\n\t\t<script type=\"application\/ld+json\" class=\"aioseo-schema\">\n\t\t\t{\"@context\":\"https:\\\/\\\/schema.org\",\"@graph\":[{\"@type\":\"Article\",\"@id\":\"https:\\\/\\\/www.danielpradilla.info\\\/blog\\\/como-ordenar-tu-lugar-de-trabajo\\\/#article\",\"name\":\"C\\u00f3mo ordenar tu lugar de trabajo | Daniel Pradilla\",\"headline\":\"C\\u00f3mo ordenar tu lugar de trabajo\",\"author\":{\"@id\":\"https:\\\/\\\/www.danielpradilla.info\\\/blog\\\/author\\\/danielpradilla\\\/#author\"},\"publisher\":{\"@id\":\"https:\\\/\\\/www.danielpradilla.info\\\/blog\\\/#organization\"},\"image\":{\"@type\":\"ImageObject\",\"url\":\"https:\\\/\\\/www.danielpradilla.info\\\/blog\\\/wp-content\\\/uploads\\\/2011\\\/05\\\/2541710549_e7b9260aa5.jpeg\",\"@id\":\"https:\\\/\\\/www.danielpradilla.info\\\/blog\\\/como-ordenar-tu-lugar-de-trabajo\\\/#articleImage\",\"width\":500,\"height\":333,\"caption\":\"foto: Johan Larsson\"},\"datePublished\":\"2011-05-15T14:14:38+00:00\",\"dateModified\":\"2011-05-08T14:37:07+00:00\",\"inLanguage\":\"en-US\",\"mainEntityOfPage\":{\"@id\":\"https:\\\/\\\/www.danielpradilla.info\\\/blog\\\/como-ordenar-tu-lugar-de-trabajo\\\/#webpage\"},\"isPartOf\":{\"@id\":\"https:\\\/\\\/www.danielpradilla.info\\\/blog\\\/como-ordenar-tu-lugar-de-trabajo\\\/#webpage\"},\"articleSection\":\"Estilo de vida\"},{\"@type\":\"BreadcrumbList\",\"@id\":\"https:\\\/\\\/www.danielpradilla.info\\\/blog\\\/como-ordenar-tu-lugar-de-trabajo\\\/#breadcrumblist\",\"itemListElement\":[{\"@type\":\"ListItem\",\"@id\":\"https:\\\/\\\/www.danielpradilla.info\\\/blog#listItem\",\"position\":1,\"name\":\"Home\",\"item\":\"https:\\\/\\\/www.danielpradilla.info\\\/blog\",\"nextItem\":{\"@type\":\"ListItem\",\"@id\":\"https:\\\/\\\/www.danielpradilla.info\\\/blog\\\/category\\\/estilo-de-vida\\\/#listItem\",\"name\":\"Estilo de vida\"}},{\"@type\":\"ListItem\",\"@id\":\"https:\\\/\\\/www.danielpradilla.info\\\/blog\\\/category\\\/estilo-de-vida\\\/#listItem\",\"position\":2,\"name\":\"Estilo de vida\",\"item\":\"https:\\\/\\\/www.danielpradilla.info\\\/blog\\\/category\\\/estilo-de-vida\\\/\",\"nextItem\":{\"@type\":\"ListItem\",\"@id\":\"https:\\\/\\\/www.danielpradilla.info\\\/blog\\\/como-ordenar-tu-lugar-de-trabajo\\\/#listItem\",\"name\":\"C\\u00f3mo ordenar tu lugar de trabajo\"},\"previousItem\":{\"@type\":\"ListItem\",\"@id\":\"https:\\\/\\\/www.danielpradilla.info\\\/blog#listItem\",\"name\":\"Home\"}},{\"@type\":\"ListItem\",\"@id\":\"https:\\\/\\\/www.danielpradilla.info\\\/blog\\\/como-ordenar-tu-lugar-de-trabajo\\\/#listItem\",\"position\":3,\"name\":\"C\\u00f3mo ordenar tu lugar de trabajo\",\"previousItem\":{\"@type\":\"ListItem\",\"@id\":\"https:\\\/\\\/www.danielpradilla.info\\\/blog\\\/category\\\/estilo-de-vida\\\/#listItem\",\"name\":\"Estilo de vida\"}}]},{\"@type\":\"Organization\",\"@id\":\"https:\\\/\\\/www.danielpradilla.info\\\/blog\\\/#organization\",\"name\":\"Daniel Pradilla\",\"description\":\"getting the most out of technology\",\"url\":\"https:\\\/\\\/www.danielpradilla.info\\\/blog\\\/\"},{\"@type\":\"Person\",\"@id\":\"https:\\\/\\\/www.danielpradilla.info\\\/blog\\\/author\\\/danielpradilla\\\/#author\",\"url\":\"https:\\\/\\\/www.danielpradilla.info\\\/blog\\\/author\\\/danielpradilla\\\/\",\"name\":\"Daniel Pradilla\",\"image\":{\"@type\":\"ImageObject\",\"@id\":\"https:\\\/\\\/www.danielpradilla.info\\\/blog\\\/como-ordenar-tu-lugar-de-trabajo\\\/#authorImage\",\"url\":\"https:\\\/\\\/secure.gravatar.com\\\/avatar\\\/b91ffbe374d7c4bc65533da1aa8f8d3d2526f49ce25c0ea54bc8bd0519fedc43?s=96&d=mm&r=g\",\"width\":96,\"height\":96,\"caption\":\"Daniel Pradilla\"}},{\"@type\":\"WebPage\",\"@id\":\"https:\\\/\\\/www.danielpradilla.info\\\/blog\\\/como-ordenar-tu-lugar-de-trabajo\\\/#webpage\",\"url\":\"https:\\\/\\\/www.danielpradilla.info\\\/blog\\\/como-ordenar-tu-lugar-de-trabajo\\\/\",\"name\":\"C\\u00f3mo ordenar tu lugar de trabajo | Daniel Pradilla\",\"inLanguage\":\"en-US\",\"isPartOf\":{\"@id\":\"https:\\\/\\\/www.danielpradilla.info\\\/blog\\\/#website\"},\"breadcrumb\":{\"@id\":\"https:\\\/\\\/www.danielpradilla.info\\\/blog\\\/como-ordenar-tu-lugar-de-trabajo\\\/#breadcrumblist\"},\"author\":{\"@id\":\"https:\\\/\\\/www.danielpradilla.info\\\/blog\\\/author\\\/danielpradilla\\\/#author\"},\"creator\":{\"@id\":\"https:\\\/\\\/www.danielpradilla.info\\\/blog\\\/author\\\/danielpradilla\\\/#author\"},\"datePublished\":\"2011-05-15T14:14:38+00:00\",\"dateModified\":\"2011-05-08T14:37:07+00:00\"},{\"@type\":\"WebSite\",\"@id\":\"https:\\\/\\\/www.danielpradilla.info\\\/blog\\\/#website\",\"url\":\"https:\\\/\\\/www.danielpradilla.info\\\/blog\\\/\",\"name\":\"Daniel Pradilla\",\"description\":\"getting the most out of technology\",\"inLanguage\":\"en-US\",\"publisher\":{\"@id\":\"https:\\\/\\\/www.danielpradilla.info\\\/blog\\\/#organization\"}}]}\n\t\t<\/script>\n\t\t<!-- All in One SEO -->\n\n","aioseo_head_json":{"title":"C\u00f3mo ordenar tu lugar de trabajo | Daniel Pradilla","description":"","canonical_url":"https:\/\/www.danielpradilla.info\/blog\/como-ordenar-tu-lugar-de-trabajo\/","robots":"max-image-preview:large","keywords":"","webmasterTools":{"miscellaneous":""},"schema":{"@context":"https:\/\/schema.org","@graph":[{"@type":"Article","@id":"https:\/\/www.danielpradilla.info\/blog\/como-ordenar-tu-lugar-de-trabajo\/#article","name":"C\u00f3mo ordenar tu lugar de trabajo | Daniel Pradilla","headline":"C\u00f3mo ordenar tu lugar de trabajo","author":{"@id":"https:\/\/www.danielpradilla.info\/blog\/author\/danielpradilla\/#author"},"publisher":{"@id":"https:\/\/www.danielpradilla.info\/blog\/#organization"},"image":{"@type":"ImageObject","url":"https:\/\/www.danielpradilla.info\/blog\/wp-content\/uploads\/2011\/05\/2541710549_e7b9260aa5.jpeg","@id":"https:\/\/www.danielpradilla.info\/blog\/como-ordenar-tu-lugar-de-trabajo\/#articleImage","width":500,"height":333,"caption":"foto: Johan Larsson"},"datePublished":"2011-05-15T14:14:38+00:00","dateModified":"2011-05-08T14:37:07+00:00","inLanguage":"en-US","mainEntityOfPage":{"@id":"https:\/\/www.danielpradilla.info\/blog\/como-ordenar-tu-lugar-de-trabajo\/#webpage"},"isPartOf":{"@id":"https:\/\/www.danielpradilla.info\/blog\/como-ordenar-tu-lugar-de-trabajo\/#webpage"},"articleSection":"Estilo de vida"},{"@type":"BreadcrumbList","@id":"https:\/\/www.danielpradilla.info\/blog\/como-ordenar-tu-lugar-de-trabajo\/#breadcrumblist","itemListElement":[{"@type":"ListItem","@id":"https:\/\/www.danielpradilla.info\/blog#listItem","position":1,"name":"Home","item":"https:\/\/www.danielpradilla.info\/blog","nextItem":{"@type":"ListItem","@id":"https:\/\/www.danielpradilla.info\/blog\/category\/estilo-de-vida\/#listItem","name":"Estilo de vida"}},{"@type":"ListItem","@id":"https:\/\/www.danielpradilla.info\/blog\/category\/estilo-de-vida\/#listItem","position":2,"name":"Estilo de vida","item":"https:\/\/www.danielpradilla.info\/blog\/category\/estilo-de-vida\/","nextItem":{"@type":"ListItem","@id":"https:\/\/www.danielpradilla.info\/blog\/como-ordenar-tu-lugar-de-trabajo\/#listItem","name":"C\u00f3mo ordenar tu lugar de trabajo"},"previousItem":{"@type":"ListItem","@id":"https:\/\/www.danielpradilla.info\/blog#listItem","name":"Home"}},{"@type":"ListItem","@id":"https:\/\/www.danielpradilla.info\/blog\/como-ordenar-tu-lugar-de-trabajo\/#listItem","position":3,"name":"C\u00f3mo ordenar tu lugar de trabajo","previousItem":{"@type":"ListItem","@id":"https:\/\/www.danielpradilla.info\/blog\/category\/estilo-de-vida\/#listItem","name":"Estilo de vida"}}]},{"@type":"Organization","@id":"https:\/\/www.danielpradilla.info\/blog\/#organization","name":"Daniel Pradilla","description":"getting the most out of technology","url":"https:\/\/www.danielpradilla.info\/blog\/"},{"@type":"Person","@id":"https:\/\/www.danielpradilla.info\/blog\/author\/danielpradilla\/#author","url":"https:\/\/www.danielpradilla.info\/blog\/author\/danielpradilla\/","name":"Daniel Pradilla","image":{"@type":"ImageObject","@id":"https:\/\/www.danielpradilla.info\/blog\/como-ordenar-tu-lugar-de-trabajo\/#authorImage","url":"https:\/\/secure.gravatar.com\/avatar\/b91ffbe374d7c4bc65533da1aa8f8d3d2526f49ce25c0ea54bc8bd0519fedc43?s=96&d=mm&r=g","width":96,"height":96,"caption":"Daniel Pradilla"}},{"@type":"WebPage","@id":"https:\/\/www.danielpradilla.info\/blog\/como-ordenar-tu-lugar-de-trabajo\/#webpage","url":"https:\/\/www.danielpradilla.info\/blog\/como-ordenar-tu-lugar-de-trabajo\/","name":"C\u00f3mo ordenar tu lugar de trabajo | Daniel Pradilla","inLanguage":"en-US","isPartOf":{"@id":"https:\/\/www.danielpradilla.info\/blog\/#website"},"breadcrumb":{"@id":"https:\/\/www.danielpradilla.info\/blog\/como-ordenar-tu-lugar-de-trabajo\/#breadcrumblist"},"author":{"@id":"https:\/\/www.danielpradilla.info\/blog\/author\/danielpradilla\/#author"},"creator":{"@id":"https:\/\/www.danielpradilla.info\/blog\/author\/danielpradilla\/#author"},"datePublished":"2011-05-15T14:14:38+00:00","dateModified":"2011-05-08T14:37:07+00:00"},{"@type":"WebSite","@id":"https:\/\/www.danielpradilla.info\/blog\/#website","url":"https:\/\/www.danielpradilla.info\/blog\/","name":"Daniel Pradilla","description":"getting the most out of technology","inLanguage":"en-US","publisher":{"@id":"https:\/\/www.danielpradilla.info\/blog\/#organization"}}]},"og:locale":"en_US","og:site_name":"Daniel Pradilla | getting the most out of technology","og:type":"article","og:title":"C\u00f3mo ordenar tu lugar de trabajo | Daniel Pradilla","og:url":"https:\/\/www.danielpradilla.info\/blog\/como-ordenar-tu-lugar-de-trabajo\/","article:published_time":"2011-05-15T18:44:38+00:00","article:modified_time":"2011-05-08T19:07:07+00:00","twitter:card":"summary","twitter:title":"C\u00f3mo ordenar tu lugar de trabajo | Daniel Pradilla"},"aioseo_meta_data":{"post_id":"1652","title":null,"description":null,"keywords":null,"keyphrases":null,"primary_term":null,"canonical_url":null,"og_title":null,"og_description":null,"og_object_type":"default","og_image_type":"default","og_image_url":null,"og_image_width":null,"og_image_height":null,"og_image_custom_url":null,"og_image_custom_fields":null,"og_video":null,"og_custom_url":null,"og_article_section":null,"og_article_tags":null,"twitter_use_og":false,"twitter_card":"default","twitter_image_type":"default","twitter_image_url":null,"twitter_image_custom_url":null,"twitter_image_custom_fields":null,"twitter_title":null,"twitter_description":null,"schema":{"blockGraphs":[],"customGraphs":[],"default":{"data":{"Article":[],"Course":[],"Dataset":[],"FAQPage":[],"Movie":[],"Person":[],"Product":[],"ProductReview":[],"Car":[],"Recipe":[],"Service":[],"SoftwareApplication":[],"WebPage":[]},"graphName":"Article","isEnabled":true},"graphs":[]},"schema_type":"default","schema_type_options":null,"pillar_content":false,"robots_default":true,"robots_noindex":false,"robots_noarchive":false,"robots_nosnippet":false,"robots_nofollow":false,"robots_noimageindex":false,"robots_noodp":false,"robots_notranslate":false,"robots_max_snippet":null,"robots_max_videopreview":null,"robots_max_imagepreview":"large","priority":null,"frequency":null,"local_seo":null,"breadcrumb_settings":null,"limit_modified_date":false,"ai":null,"created":"2021-12-15 18:17:28","updated":"2025-08-25 22:44:50","seo_analyzer_scan_date":null,"focus_keyword":null,"additional_keywords":null,"truseo_locale":null},"aioseo_breadcrumb":"<div class=\"aioseo-breadcrumbs\"><span class=\"aioseo-breadcrumb\">\n\t\t\t<a href=\"https:\/\/www.danielpradilla.info\/blog\" title=\"Home\">Home<\/a>\n\t\t<\/span><span class=\"aioseo-breadcrumb-separator\">&raquo;<\/span><span class=\"aioseo-breadcrumb\">\n\t\t\t<a href=\"https:\/\/www.danielpradilla.info\/blog\/category\/estilo-de-vida\/\" title=\"Estilo de vida\">Estilo de vida<\/a>\n\t\t<\/span><span class=\"aioseo-breadcrumb-separator\">&raquo;<\/span><span class=\"aioseo-breadcrumb\">\n\t\t\tC\u00f3mo ordenar tu lugar de trabajo\n\t\t<\/span><\/div>","aioseo_breadcrumb_json":[{"label":"Home","link":"https:\/\/www.danielpradilla.info\/blog"},{"label":"Estilo de vida","link":"https:\/\/www.danielpradilla.info\/blog\/category\/estilo-de-vida\/"},{"label":"C\u00f3mo ordenar tu lugar de trabajo","link":"https:\/\/www.danielpradilla.info\/blog\/como-ordenar-tu-lugar-de-trabajo\/"}],"jetpack_shortlink":"https:\/\/wp.me\/p1tlzy-qE","jetpack_sharing_enabled":true,"jetpack-related-posts":[{"id":1774,"url":"https:\/\/www.danielpradilla.info\/blog\/si-estas-buscando-trabajo-cuidado-con-lo-que-dices-en-facebook\/","url_meta":{"origin":1652,"position":0},"title":"Si est\u00e1s buscando trabajo, cuidado con lo que dices en facebook","author":"Daniel Pradilla","date":"13\/08\/2012","format":false,"excerpt":"El otro d\u00eda alguien me coment\u00f3 que un entrevistador complet\u00f3 curr\u00edculum con la informaci\u00f3n que estaba disponible en Facebook. Un estudio realizado en Julio de 2012 por Infoempleo y Adecco revela que hasta un 80% de las empresas espa\u00f1olas revisa la reputaci\u00f3n en l\u00ednea de los candidatos durante el proceso\u2026","rel":"","context":"In &quot;Estilo de vida&quot;","block_context":{"text":"Estilo de vida","link":"https:\/\/www.danielpradilla.info\/blog\/category\/estilo-de-vida\/"},"img":{"alt_text":"","src":"https:\/\/i0.wp.com\/www.danielpradilla.info\/blog\/wp-content\/uploads\/2012\/08\/exito.png?resize=350%2C200","width":350,"height":200,"srcset":"https:\/\/i0.wp.com\/www.danielpradilla.info\/blog\/wp-content\/uploads\/2012\/08\/exito.png?resize=350%2C200 1x, https:\/\/i0.wp.com\/www.danielpradilla.info\/blog\/wp-content\/uploads\/2012\/08\/exito.png?resize=525%2C300 1.5x"},"classes":[]},{"id":1822,"url":"https:\/\/www.danielpradilla.info\/blog\/dibujando-el-mundo-a-mano\/","url_meta":{"origin":1652,"position":1},"title":"Dibujando el mundo a mano","author":"Daniel Pradilla","date":"07\/01\/2013","format":false,"excerpt":"En el Gletschergarten de Lucerna, entre antiguos mapas, maquetas y relieves de los Alpes suizos, encontramos una exposici\u00f3n de Ueli L\u00e4uppi, un cart\u00f3grafo local que se ha dedicado a dibujar y colorear mapas a mano, usando una proyecci\u00f3n particular que destaca una meticulosa representaci\u00f3n de las monta\u00f1as. No contento con\u2026","rel":"","context":"In &quot;Control de Proyectos&quot;","block_context":{"text":"Control de Proyectos","link":"https:\/\/www.danielpradilla.info\/blog\/category\/controldeproyectos\/"},"img":{"alt_text":"","src":"https:\/\/i0.wp.com\/www.danielpradilla.info\/blog\/wp-content\/uploads\/2012\/11\/pluviosidad.jpg?resize=350%2C200","width":350,"height":200,"srcset":"https:\/\/i0.wp.com\/www.danielpradilla.info\/blog\/wp-content\/uploads\/2012\/11\/pluviosidad.jpg?resize=350%2C200 1x, https:\/\/i0.wp.com\/www.danielpradilla.info\/blog\/wp-content\/uploads\/2012\/11\/pluviosidad.jpg?resize=525%2C300 1.5x"},"classes":[]},{"id":1592,"url":"https:\/\/www.danielpradilla.info\/blog\/4-herramientas-para-trabajar-remotamente\/","url_meta":{"origin":1652,"position":2},"title":"4 Herramientas para trabajar remotamente","author":"Daniel Pradilla","date":"11\/01\/2011","format":false,"excerpt":"O c\u00f3mo virtualizarse sin desaparecer en el intento Este art\u00edculo pertenece a la serie de virtualizaci\u00f3n, teletrabajo e independencia geogr\u00e1fica. Si hay un aspecto que me apasiona de la revoluci\u00f3n digital es la posibilidad que tenemos de generar omnipresencia a trav\u00e9s de la tecnolog\u00eda. Gracias a la computaci\u00f3n m\u00f3vil y\u2026","rel":"","context":"In &quot;Destacados&quot;","block_context":{"text":"Destacados","link":"https:\/\/www.danielpradilla.info\/blog\/category\/destacados\/"},"img":{"alt_text":"","src":"https:\/\/i0.wp.com\/www.danielpradilla.info\/blog\/wp-content\/uploads\/2011\/01\/OJO-Images.jpeg?resize=350%2C200&ssl=1","width":350,"height":200},"classes":[]},{"id":1827,"url":"https:\/\/www.danielpradilla.info\/blog\/presencia-online\/","url_meta":{"origin":1652,"position":3},"title":"Como mejorar tu presencia en l\u00ednea","author":"Daniel Pradilla","date":"14\/01\/2013","format":false,"excerpt":"En estos d\u00edas, mi primo me escribi\u00f3 con algunas preguntas sobre su presencia en l\u00ednea. \u00c9l est\u00e1 claro que tener y actualizar un curr\u00edculum es cosa del pasado\u00a0y lo crucial es mejorar tu presencia web. Mi respuesta consisti\u00f3 en dos partes, una relacionada con LinkedIn y otra con su blog\u2026","rel":"","context":"In &quot;Redes Sociales&quot;","block_context":{"text":"Redes Sociales","link":"https:\/\/www.danielpradilla.info\/blog\/category\/redessociales\/"},"img":{"alt_text":"","src":"https:\/\/i0.wp.com\/www.danielpradilla.info\/blog\/wp-content\/uploads\/2012\/12\/NA009016.jpeg?resize=350%2C200","width":350,"height":200,"srcset":"https:\/\/i0.wp.com\/www.danielpradilla.info\/blog\/wp-content\/uploads\/2012\/12\/NA009016.jpeg?resize=350%2C200 1x, https:\/\/i0.wp.com\/www.danielpradilla.info\/blog\/wp-content\/uploads\/2012\/12\/NA009016.jpeg?resize=525%2C300 1.5x"},"classes":[]},{"id":1555,"url":"https:\/\/www.danielpradilla.info\/blog\/linkedin-para-profesionales\/","url_meta":{"origin":1652,"position":4},"title":"LinkedIn para profesionales","author":"Daniel Pradilla","date":"23\/11\/2010","format":false,"excerpt":"As\u00ed como Facebook se ha vuelto nuestro lubricante social por defecto, LinkedIn es el est\u00e1ndar mundial para hacer contactos profesionales. Casi todos mis amigos que han cambiado de trabajo en el \u00faltimo a\u00f1o, han sido contactados para su puesto actual v\u00eda LinkedIn. Sin embargo, todos tienen un perfil vergonzoso en\u2026","rel":"","context":"In &quot;Destacados&quot;","block_context":{"text":"Destacados","link":"https:\/\/www.danielpradilla.info\/blog\/category\/destacados\/"},"img":{"alt_text":"","src":"https:\/\/i0.wp.com\/www.danielpradilla.info\/blog\/wp-content\/uploads\/2010\/10\/linkedin-logo1.jpeg?resize=350%2C200","width":350,"height":200},"classes":[]},{"id":1660,"url":"https:\/\/www.danielpradilla.info\/blog\/reglas-para-la-felicidad-informatica\/","url_meta":{"origin":1652,"position":5},"title":"Reglas para la felicidad inform\u00e1tica","author":"Daniel Pradilla","date":"29\/05\/2011","format":false,"excerpt":"Inspirado en al3x's Rules for Computing Happiness \u00a0 Hardware Usa un solo computador. Hay gente que dedica sus vidas enteras a encontrar la forma de sincronizar los datos de dos m\u00e1quinas. Pocos lo han logrado. Si tu trabajo depende de lo que haces en el computador, c\u00f3mprate uno como si\u2026","rel":"","context":"In &quot;Estilo de vida&quot;","block_context":{"text":"Estilo de vida","link":"https:\/\/www.danielpradilla.info\/blog\/category\/estilo-de-vida\/"},"img":{"alt_text":"","src":"https:\/\/i0.wp.com\/www.danielpradilla.info\/blog\/wp-content\/uploads\/2011\/05\/Illustration-by-Robert-Neubecker.-Click-image-to-expand.jpeg?resize=350%2C200","width":350,"height":200},"classes":[]}],"jetpack_featured_media_url":"","_links":{"self":[{"href":"https:\/\/www.danielpradilla.info\/blog\/wp-json\/wp\/v2\/posts\/1652","targetHints":{"allow":["GET"]}}],"collection":[{"href":"https:\/\/www.danielpradilla.info\/blog\/wp-json\/wp\/v2\/posts"}],"about":[{"href":"https:\/\/www.danielpradilla.info\/blog\/wp-json\/wp\/v2\/types\/post"}],"author":[{"embeddable":true,"href":"https:\/\/www.danielpradilla.info\/blog\/wp-json\/wp\/v2\/users\/2"}],"replies":[{"embeddable":true,"href":"https:\/\/www.danielpradilla.info\/blog\/wp-json\/wp\/v2\/comments?post=1652"}],"version-history":[{"count":0,"href":"https:\/\/www.danielpradilla.info\/blog\/wp-json\/wp\/v2\/posts\/1652\/revisions"}],"wp:attachment":[{"href":"https:\/\/www.danielpradilla.info\/blog\/wp-json\/wp\/v2\/media?parent=1652"}],"wp:term":[{"taxonomy":"category","embeddable":true,"href":"https:\/\/www.danielpradilla.info\/blog\/wp-json\/wp\/v2\/categories?post=1652"},{"taxonomy":"post_tag","embeddable":true,"href":"https:\/\/www.danielpradilla.info\/blog\/wp-json\/wp\/v2\/tags?post=1652"}],"curies":[{"name":"wp","href":"https:\/\/api.w.org\/{rel}","templated":true}]}}