{"id":1650,"date":"2011-05-11T22:03:15","date_gmt":"2011-05-12T02:33:15","guid":{"rendered":"http:\/\/www.danielpradilla.info\/blog\/?p=1650"},"modified":"2011-05-07T15:34:45","modified_gmt":"2011-05-07T20:04:45","slug":"le-temas-la-competencia","status":"publish","type":"post","link":"https:\/\/www.danielpradilla.info\/blog\/le-temas-la-competencia\/","title":{"rendered":"No le temas a la competencia"},"content":{"rendered":"<p><a href=\"http:\/\/www.slate.com\/id\/2180301\/pagenum\/all\/\"><img loading=\"lazy\" decoding=\"async\" data-attachment-id=\"1651\" data-permalink=\"https:\/\/www.danielpradilla.info\/blog\/le-temas-la-competencia\/illustration-by-rob-donnelly-click-image-to-expand\/\" data-orig-file=\"https:\/\/www.danielpradilla.info\/blog\/wp-content\/uploads\/2011\/05\/Illustration-by-Rob-Donnelly.-Click-image-to-expand.gif\" data-orig-size=\"205,284\" data-comments-opened=\"1\" data-image-meta=\"{&quot;aperture&quot;:&quot;0&quot;,&quot;credit&quot;:&quot;&quot;,&quot;camera&quot;:&quot;&quot;,&quot;caption&quot;:&quot;&quot;,&quot;created_timestamp&quot;:&quot;0&quot;,&quot;copyright&quot;:&quot;&quot;,&quot;focal_length&quot;:&quot;0&quot;,&quot;iso&quot;:&quot;0&quot;,&quot;shutter_speed&quot;:&quot;0&quot;,&quot;title&quot;:&quot;&quot;}\" data-image-title=\"Illustration by Rob Donnelly. Click image to expand\" data-image-description=\"\" data-image-caption=\"\" data-large-file=\"https:\/\/www.danielpradilla.info\/blog\/wp-content\/uploads\/2011\/05\/Illustration-by-Rob-Donnelly.-Click-image-to-expand.gif\" class=\"aligncenter size-full wp-image-1651\" title=\"Illustration by Rob Donnelly. Click image to expand\" src=\"http:\/\/www.danielpradilla.info\/blog\/wp-content\/uploads\/2011\/05\/Illustration-by-Rob-Donnelly.-Click-image-to-expand.gif\" alt=\"\" width=\"205\" height=\"284\" \/><\/a><\/p>\n<p>La noci\u00f3n generalizada es que Starbucks devora a toda su competencia y que las cafeter\u00edas independientes pronto ser\u00e1n una cosa del pasado, al menos en el primer mundo.<\/p>\n<p>Sin embargo, en <a href=\"Don't Fear Starbucks\" target=\"_blank\">este art\u00edculo de Slate<\/a>, Taylor Clark nos cuenta como Herb Hyman, due\u00f1o de una peque\u00f1a cadena de cafeter\u00edas, rechaz\u00f3 una oferta de compra agresiva por parte de Starbucks y luego la cadena abri\u00f3 un local justo al lado del suyo.<\/p>\n<blockquote><p>En lugar de entrar en p\u00e1nico, decidi\u00f3 llamar a su amigo Jim Stewart, fundador de la cadena Best Coffee, para descubrir lo que verdaderamente pasa cuando un Starbucks abre cerca. &#8220;Te encantar\u00e1&#8221;, dijo Stewart. &#8220;Hacen todo el mercadeo por ti, y tus ventas subir\u00e1n por los cielos&#8221;. La predicci\u00f3n se volvi\u00f3 verdad: cada nueva tienda de Starbucks generaba agitaci\u00f3n, atrayendo a nuevos conversos al mundo de los bebedores de latte. Cuando las colas en Starbucks se volv\u00edan irracionales, los conversos comenzaron a experimentar y \u00a1Mira! \u00a1Hab\u00eda otra cafeter\u00eda justo al lado! El nuevo vecino de Hyman increment\u00f3 tanto sus ventas que decidi\u00f3 invertir la t\u00e1ctica y colocar a Starbucks en la mira. &#8220;Compramos un restaurante chino justo al lado de una de sus tiendas y lo convertimos, y por Dios, al a\u00f1o estaba haciendo un mill\u00f3n de d\u00f3lares&#8221;, dijo.<\/p><\/blockquote>\n<p>Cuando tenemos nueva competencia no s\u00f3lo estamos confirmando que nuestra idea es buena. La competencia tambi\u00e9n nos ayuda a repartir los gastos de atraer nuevos clientes.<\/p>\n<p>Sigue leyendo <a href=\"Don't Fear Starbucks\" target=\"_blank\">Dont&#8217; fear Starbucks<\/a><\/p>\n","protected":false},"excerpt":{"rendered":"<p>La noci\u00f3n generalizada es que Starbucks devora a toda su competencia y que las cafeter\u00edas independientes pronto ser\u00e1n una cosa del pasado, al menos en el primer mundo. Sin embargo, en este art\u00edculo de Slate, Taylor Clark nos cuenta como Herb Hyman, due\u00f1o de una peque\u00f1a cadena de cafeter\u00edas, rechaz\u00f3 una oferta de compra agresiva&hellip; <a class=\"more-link\" href=\"https:\/\/www.danielpradilla.info\/blog\/le-temas-la-competencia\/\">Continue reading <span class=\"screen-reader-text\">No le temas a la competencia<\/span><\/a><\/p>\n","protected":false},"author":2,"featured_media":0,"comment_status":"open","ping_status":"open","sticky":false,"template":"","format":"standard","meta":{"_jetpack_newsletter_access":"","_jetpack_dont_email_post_to_subs":false,"_jetpack_newsletter_tier_id":0,"_jetpack_memberships_contains_paywalled_content":false,"_jetpack_feature_clip_id":0,"_jetpack_memberships_contains_paid_content":false,"footnotes":"","jetpack_post_was_ever_published":false},"categories":[152],"tags":[],"class_list":["post-1650","post","type-post","status-publish","format-standard","hentry","category-ventas","entry"],"aioseo_notices":[],"aioseo_head":"\n\t\t<!-- All in One SEO 5.0.1.1 - aioseo.com -->\n\t<meta name=\"robots\" content=\"max-image-preview:large\" \/>\n\t<meta name=\"author\" content=\"Daniel Pradilla\"\/>\n\t<link rel=\"canonical\" href=\"https:\/\/www.danielpradilla.info\/blog\/le-temas-la-competencia\/\" \/>\n\t<meta name=\"generator\" content=\"All in One SEO (AIOSEO) 5.0.1.1\" \/>\n\t\t<meta property=\"og:locale\" content=\"en_US\" \/>\n\t\t<meta property=\"og:site_name\" content=\"Daniel Pradilla | getting the most out of technology\" \/>\n\t\t<meta property=\"og:type\" content=\"article\" \/>\n\t\t<meta property=\"og:title\" content=\"No le temas a la competencia | Daniel Pradilla\" \/>\n\t\t<meta property=\"og:url\" content=\"https:\/\/www.danielpradilla.info\/blog\/le-temas-la-competencia\/\" \/>\n\t\t<meta property=\"article:published_time\" content=\"2011-05-12T02:33:15+00:00\" \/>\n\t\t<meta property=\"article:modified_time\" content=\"2011-05-07T20:04:45+00:00\" \/>\n\t\t<meta name=\"twitter:card\" content=\"summary\" \/>\n\t\t<meta name=\"twitter:title\" content=\"No le temas a la competencia | Daniel Pradilla\" \/>\n\t\t<script type=\"application\/ld+json\" class=\"aioseo-schema\">\n\t\t\t{\"@context\":\"https:\\\/\\\/schema.org\",\"@graph\":[{\"@type\":\"Article\",\"@id\":\"https:\\\/\\\/www.danielpradilla.info\\\/blog\\\/le-temas-la-competencia\\\/#article\",\"name\":\"No le temas a la competencia | Daniel Pradilla\",\"headline\":\"No le temas a la competencia\",\"author\":{\"@id\":\"https:\\\/\\\/www.danielpradilla.info\\\/blog\\\/author\\\/danielpradilla\\\/#author\"},\"publisher\":{\"@id\":\"https:\\\/\\\/www.danielpradilla.info\\\/blog\\\/#organization\"},\"image\":{\"@type\":\"ImageObject\",\"url\":\"https:\\\/\\\/www.danielpradilla.info\\\/blog\\\/wp-content\\\/uploads\\\/2011\\\/05\\\/Illustration-by-Rob-Donnelly.-Click-image-to-expand.gif\",\"@id\":\"https:\\\/\\\/www.danielpradilla.info\\\/blog\\\/le-temas-la-competencia\\\/#articleImage\",\"width\":205,\"height\":284},\"datePublished\":\"2011-05-11T22:03:15+00:00\",\"dateModified\":\"2011-05-07T15:34:45+00:00\",\"inLanguage\":\"en-US\",\"mainEntityOfPage\":{\"@id\":\"https:\\\/\\\/www.danielpradilla.info\\\/blog\\\/le-temas-la-competencia\\\/#webpage\"},\"isPartOf\":{\"@id\":\"https:\\\/\\\/www.danielpradilla.info\\\/blog\\\/le-temas-la-competencia\\\/#webpage\"},\"articleSection\":\"Ventas\"},{\"@type\":\"BreadcrumbList\",\"@id\":\"https:\\\/\\\/www.danielpradilla.info\\\/blog\\\/le-temas-la-competencia\\\/#breadcrumblist\",\"itemListElement\":[{\"@type\":\"ListItem\",\"@id\":\"https:\\\/\\\/www.danielpradilla.info\\\/blog#listItem\",\"position\":1,\"name\":\"Home\",\"item\":\"https:\\\/\\\/www.danielpradilla.info\\\/blog\",\"nextItem\":{\"@type\":\"ListItem\",\"@id\":\"https:\\\/\\\/www.danielpradilla.info\\\/blog\\\/category\\\/ventas\\\/#listItem\",\"name\":\"Ventas\"}},{\"@type\":\"ListItem\",\"@id\":\"https:\\\/\\\/www.danielpradilla.info\\\/blog\\\/category\\\/ventas\\\/#listItem\",\"position\":2,\"name\":\"Ventas\",\"item\":\"https:\\\/\\\/www.danielpradilla.info\\\/blog\\\/category\\\/ventas\\\/\",\"nextItem\":{\"@type\":\"ListItem\",\"@id\":\"https:\\\/\\\/www.danielpradilla.info\\\/blog\\\/le-temas-la-competencia\\\/#listItem\",\"name\":\"No le temas a la competencia\"},\"previousItem\":{\"@type\":\"ListItem\",\"@id\":\"https:\\\/\\\/www.danielpradilla.info\\\/blog#listItem\",\"name\":\"Home\"}},{\"@type\":\"ListItem\",\"@id\":\"https:\\\/\\\/www.danielpradilla.info\\\/blog\\\/le-temas-la-competencia\\\/#listItem\",\"position\":3,\"name\":\"No le temas a la competencia\",\"previousItem\":{\"@type\":\"ListItem\",\"@id\":\"https:\\\/\\\/www.danielpradilla.info\\\/blog\\\/category\\\/ventas\\\/#listItem\",\"name\":\"Ventas\"}}]},{\"@type\":\"Organization\",\"@id\":\"https:\\\/\\\/www.danielpradilla.info\\\/blog\\\/#organization\",\"name\":\"Daniel Pradilla\",\"description\":\"getting the most out of technology\",\"url\":\"https:\\\/\\\/www.danielpradilla.info\\\/blog\\\/\"},{\"@type\":\"Person\",\"@id\":\"https:\\\/\\\/www.danielpradilla.info\\\/blog\\\/author\\\/danielpradilla\\\/#author\",\"url\":\"https:\\\/\\\/www.danielpradilla.info\\\/blog\\\/author\\\/danielpradilla\\\/\",\"name\":\"Daniel Pradilla\",\"image\":{\"@type\":\"ImageObject\",\"@id\":\"https:\\\/\\\/www.danielpradilla.info\\\/blog\\\/le-temas-la-competencia\\\/#authorImage\",\"url\":\"https:\\\/\\\/secure.gravatar.com\\\/avatar\\\/b91ffbe374d7c4bc65533da1aa8f8d3d2526f49ce25c0ea54bc8bd0519fedc43?s=96&d=mm&r=g\",\"width\":96,\"height\":96,\"caption\":\"Daniel Pradilla\"}},{\"@type\":\"WebPage\",\"@id\":\"https:\\\/\\\/www.danielpradilla.info\\\/blog\\\/le-temas-la-competencia\\\/#webpage\",\"url\":\"https:\\\/\\\/www.danielpradilla.info\\\/blog\\\/le-temas-la-competencia\\\/\",\"name\":\"No le temas a la competencia | Daniel Pradilla\",\"inLanguage\":\"en-US\",\"isPartOf\":{\"@id\":\"https:\\\/\\\/www.danielpradilla.info\\\/blog\\\/#website\"},\"breadcrumb\":{\"@id\":\"https:\\\/\\\/www.danielpradilla.info\\\/blog\\\/le-temas-la-competencia\\\/#breadcrumblist\"},\"author\":{\"@id\":\"https:\\\/\\\/www.danielpradilla.info\\\/blog\\\/author\\\/danielpradilla\\\/#author\"},\"creator\":{\"@id\":\"https:\\\/\\\/www.danielpradilla.info\\\/blog\\\/author\\\/danielpradilla\\\/#author\"},\"datePublished\":\"2011-05-11T22:03:15+00:00\",\"dateModified\":\"2011-05-07T15:34:45+00:00\"},{\"@type\":\"WebSite\",\"@id\":\"https:\\\/\\\/www.danielpradilla.info\\\/blog\\\/#website\",\"url\":\"https:\\\/\\\/www.danielpradilla.info\\\/blog\\\/\",\"name\":\"Daniel Pradilla\",\"description\":\"getting the most out of technology\",\"inLanguage\":\"en-US\",\"publisher\":{\"@id\":\"https:\\\/\\\/www.danielpradilla.info\\\/blog\\\/#organization\"}}]}\n\t\t<\/script>\n\t\t<!-- All in One SEO -->\n\n","aioseo_head_json":{"title":"No le temas a la competencia | Daniel Pradilla","description":"","canonical_url":"https:\/\/www.danielpradilla.info\/blog\/le-temas-la-competencia\/","robots":"max-image-preview:large","keywords":"","webmasterTools":{"miscellaneous":""},"schema":{"@context":"https:\/\/schema.org","@graph":[{"@type":"Article","@id":"https:\/\/www.danielpradilla.info\/blog\/le-temas-la-competencia\/#article","name":"No le temas a la competencia | Daniel Pradilla","headline":"No le temas a la competencia","author":{"@id":"https:\/\/www.danielpradilla.info\/blog\/author\/danielpradilla\/#author"},"publisher":{"@id":"https:\/\/www.danielpradilla.info\/blog\/#organization"},"image":{"@type":"ImageObject","url":"https:\/\/www.danielpradilla.info\/blog\/wp-content\/uploads\/2011\/05\/Illustration-by-Rob-Donnelly.-Click-image-to-expand.gif","@id":"https:\/\/www.danielpradilla.info\/blog\/le-temas-la-competencia\/#articleImage","width":205,"height":284},"datePublished":"2011-05-11T22:03:15+00:00","dateModified":"2011-05-07T15:34:45+00:00","inLanguage":"en-US","mainEntityOfPage":{"@id":"https:\/\/www.danielpradilla.info\/blog\/le-temas-la-competencia\/#webpage"},"isPartOf":{"@id":"https:\/\/www.danielpradilla.info\/blog\/le-temas-la-competencia\/#webpage"},"articleSection":"Ventas"},{"@type":"BreadcrumbList","@id":"https:\/\/www.danielpradilla.info\/blog\/le-temas-la-competencia\/#breadcrumblist","itemListElement":[{"@type":"ListItem","@id":"https:\/\/www.danielpradilla.info\/blog#listItem","position":1,"name":"Home","item":"https:\/\/www.danielpradilla.info\/blog","nextItem":{"@type":"ListItem","@id":"https:\/\/www.danielpradilla.info\/blog\/category\/ventas\/#listItem","name":"Ventas"}},{"@type":"ListItem","@id":"https:\/\/www.danielpradilla.info\/blog\/category\/ventas\/#listItem","position":2,"name":"Ventas","item":"https:\/\/www.danielpradilla.info\/blog\/category\/ventas\/","nextItem":{"@type":"ListItem","@id":"https:\/\/www.danielpradilla.info\/blog\/le-temas-la-competencia\/#listItem","name":"No le temas a la competencia"},"previousItem":{"@type":"ListItem","@id":"https:\/\/www.danielpradilla.info\/blog#listItem","name":"Home"}},{"@type":"ListItem","@id":"https:\/\/www.danielpradilla.info\/blog\/le-temas-la-competencia\/#listItem","position":3,"name":"No le temas a la competencia","previousItem":{"@type":"ListItem","@id":"https:\/\/www.danielpradilla.info\/blog\/category\/ventas\/#listItem","name":"Ventas"}}]},{"@type":"Organization","@id":"https:\/\/www.danielpradilla.info\/blog\/#organization","name":"Daniel Pradilla","description":"getting the most out of technology","url":"https:\/\/www.danielpradilla.info\/blog\/"},{"@type":"Person","@id":"https:\/\/www.danielpradilla.info\/blog\/author\/danielpradilla\/#author","url":"https:\/\/www.danielpradilla.info\/blog\/author\/danielpradilla\/","name":"Daniel Pradilla","image":{"@type":"ImageObject","@id":"https:\/\/www.danielpradilla.info\/blog\/le-temas-la-competencia\/#authorImage","url":"https:\/\/secure.gravatar.com\/avatar\/b91ffbe374d7c4bc65533da1aa8f8d3d2526f49ce25c0ea54bc8bd0519fedc43?s=96&d=mm&r=g","width":96,"height":96,"caption":"Daniel Pradilla"}},{"@type":"WebPage","@id":"https:\/\/www.danielpradilla.info\/blog\/le-temas-la-competencia\/#webpage","url":"https:\/\/www.danielpradilla.info\/blog\/le-temas-la-competencia\/","name":"No le temas a la competencia | Daniel Pradilla","inLanguage":"en-US","isPartOf":{"@id":"https:\/\/www.danielpradilla.info\/blog\/#website"},"breadcrumb":{"@id":"https:\/\/www.danielpradilla.info\/blog\/le-temas-la-competencia\/#breadcrumblist"},"author":{"@id":"https:\/\/www.danielpradilla.info\/blog\/author\/danielpradilla\/#author"},"creator":{"@id":"https:\/\/www.danielpradilla.info\/blog\/author\/danielpradilla\/#author"},"datePublished":"2011-05-11T22:03:15+00:00","dateModified":"2011-05-07T15:34:45+00:00"},{"@type":"WebSite","@id":"https:\/\/www.danielpradilla.info\/blog\/#website","url":"https:\/\/www.danielpradilla.info\/blog\/","name":"Daniel Pradilla","description":"getting the most out of technology","inLanguage":"en-US","publisher":{"@id":"https:\/\/www.danielpradilla.info\/blog\/#organization"}}]},"og:locale":"en_US","og:site_name":"Daniel Pradilla | getting the most out of technology","og:type":"article","og:title":"No le temas a la competencia | Daniel Pradilla","og:url":"https:\/\/www.danielpradilla.info\/blog\/le-temas-la-competencia\/","article:published_time":"2011-05-12T02:33:15+00:00","article:modified_time":"2011-05-07T20:04:45+00:00","twitter:card":"summary","twitter:title":"No le temas a la competencia | Daniel Pradilla"},"aioseo_meta_data":{"post_id":"1650","title":null,"description":null,"keywords":null,"keyphrases":null,"primary_term":null,"canonical_url":null,"og_title":null,"og_description":null,"og_object_type":"default","og_image_type":"default","og_image_url":null,"og_image_width":null,"og_image_height":null,"og_image_custom_url":null,"og_image_custom_fields":null,"og_video":null,"og_custom_url":null,"og_article_section":null,"og_article_tags":null,"twitter_use_og":false,"twitter_card":"default","twitter_image_type":"default","twitter_image_url":null,"twitter_image_custom_url":null,"twitter_image_custom_fields":null,"twitter_title":null,"twitter_description":null,"schema":{"blockGraphs":[],"customGraphs":[],"default":{"data":{"Article":[],"Course":[],"Dataset":[],"FAQPage":[],"Movie":[],"Person":[],"Product":[],"ProductReview":[],"Car":[],"Recipe":[],"Service":[],"SoftwareApplication":[],"WebPage":[]},"graphName":"Article","isEnabled":true},"graphs":[]},"schema_type":"default","schema_type_options":null,"pillar_content":false,"robots_default":true,"robots_noindex":false,"robots_noarchive":false,"robots_nosnippet":false,"robots_nofollow":false,"robots_noimageindex":false,"robots_noodp":false,"robots_notranslate":false,"robots_max_snippet":null,"robots_max_videopreview":null,"robots_max_imagepreview":"large","priority":null,"frequency":null,"local_seo":null,"breadcrumb_settings":null,"limit_modified_date":false,"ai":null,"created":"2021-12-15 18:17:28","updated":"2025-08-25 22:44:50","seo_analyzer_scan_date":null,"focus_keyword":null,"additional_keywords":null,"truseo_locale":null},"aioseo_breadcrumb":"<div class=\"aioseo-breadcrumbs\"><span class=\"aioseo-breadcrumb\">\n\t\t\t<a href=\"https:\/\/www.danielpradilla.info\/blog\" title=\"Home\">Home<\/a>\n\t\t<\/span><span class=\"aioseo-breadcrumb-separator\">&raquo;<\/span><span class=\"aioseo-breadcrumb\">\n\t\t\t<a href=\"https:\/\/www.danielpradilla.info\/blog\/category\/ventas\/\" title=\"Ventas\">Ventas<\/a>\n\t\t<\/span><span class=\"aioseo-breadcrumb-separator\">&raquo;<\/span><span class=\"aioseo-breadcrumb\">\n\t\t\tNo le temas a la competencia\n\t\t<\/span><\/div>","aioseo_breadcrumb_json":[{"label":"Home","link":"https:\/\/www.danielpradilla.info\/blog"},{"label":"Ventas","link":"https:\/\/www.danielpradilla.info\/blog\/category\/ventas\/"},{"label":"No le temas a la competencia","link":"https:\/\/www.danielpradilla.info\/blog\/le-temas-la-competencia\/"}],"jetpack_shortlink":"https:\/\/wp.me\/p1tlzy-qC","jetpack_sharing_enabled":true,"jetpack-related-posts":[{"id":1783,"url":"https:\/\/www.danielpradilla.info\/blog\/nate-silver\/","url_meta":{"origin":1650,"position":0},"title":"Nate Silver y el triunfo de Big Data","author":"Daniel Pradilla","date":"07\/11\/2012","format":false,"excerpt":"Sin duda el mejor an\u00e1lisis de datos de las elecciones norteamericanas de 2012 fue el realizado por Nate Silver. A pesar de ser odiado por los cr\u00edticos, Silver logr\u00f3 una predicci\u00f3n del resultado en los 50 estados. Su sitio web, FiveThirtyEight.com est\u00e1 lleno de sobrias pero efectivas visualizaciones que son\u2026","rel":"","context":"In &quot;Control de Proyectos&quot;","block_context":{"text":"Control de Proyectos","link":"https:\/\/www.danielpradilla.info\/blog\/category\/controldeproyectos\/"},"img":{"alt_text":"","src":"https:\/\/i0.wp.com\/www.danielpradilla.info\/blog\/wp-content\/uploads\/2012\/11\/Screen-Shot-2012-11-07-at-10.55.29-AM.png?resize=350%2C200","width":350,"height":200},"classes":[]},{"id":1555,"url":"https:\/\/www.danielpradilla.info\/blog\/linkedin-para-profesionales\/","url_meta":{"origin":1650,"position":1},"title":"LinkedIn para profesionales","author":"Daniel Pradilla","date":"23\/11\/2010","format":false,"excerpt":"As\u00ed como Facebook se ha vuelto nuestro lubricante social por defecto, LinkedIn es el est\u00e1ndar mundial para hacer contactos profesionales. Casi todos mis amigos que han cambiado de trabajo en el \u00faltimo a\u00f1o, han sido contactados para su puesto actual v\u00eda LinkedIn. Sin embargo, todos tienen un perfil vergonzoso en\u2026","rel":"","context":"In &quot;Destacados&quot;","block_context":{"text":"Destacados","link":"https:\/\/www.danielpradilla.info\/blog\/category\/destacados\/"},"img":{"alt_text":"","src":"https:\/\/i0.wp.com\/www.danielpradilla.info\/blog\/wp-content\/uploads\/2010\/10\/linkedin-logo1.jpeg?resize=350%2C200","width":350,"height":200},"classes":[]},{"id":1695,"url":"https:\/\/www.danielpradilla.info\/blog\/11-consignas\/","url_meta":{"origin":1650,"position":2},"title":"11 consignas radicales que cambiar\u00e1n tu forma de trabajar | Scott Ginsberg","author":"Daniel Pradilla","date":"27\/08\/2011","format":false,"excerpt":"Scott Ginsberg parte de \"haz el amor y no la guerra\" para construir 11 consignas que pueden alterar nuestras vidas definitivamente: 1. Rompe las reglas, no los corazones. \u00bfCu\u00e1ndo fue la \u00faltima vez que doblaste un poco las reglas para complacer a alguien? 2. Conduce sinfon\u00edas, no transacciones. En vez\u2026","rel":"","context":"In &quot;Control de Proyectos&quot;","block_context":{"text":"Control de Proyectos","link":"https:\/\/www.danielpradilla.info\/blog\/category\/controldeproyectos\/"},"img":{"alt_text":"","src":"https:\/\/i0.wp.com\/www.danielpradilla.info\/blog\/wp-content\/uploads\/2011\/08\/5740568112_6d191355ce.jpg?resize=350%2C200","width":350,"height":200},"classes":[]},{"id":1638,"url":"https:\/\/www.danielpradilla.info\/blog\/stackexchange\/","url_meta":{"origin":1650,"position":3},"title":"Encuentra la respuesta y busca trabajo en Stack Exchange","author":"Daniel Pradilla","date":"25\/04\/2011","format":false,"excerpt":"Creemos que la Internet es lo suficientemente grande y Google lo suficientemente poderoso como para encontrar respuestas para todo. Pero si tu trabajo es bastante espec\u00edfico, ya sabr\u00e1s que esto nunca se cumple. En agosto de 2008, Joel Spolsky y Jeff Atwood lanzaron el mejor sitio de preguntas y respuestas\u2026","rel":"","context":"In &quot;Control de Proyectos&quot;","block_context":{"text":"Control de Proyectos","link":"https:\/\/www.danielpradilla.info\/blog\/category\/controldeproyectos\/"},"img":{"alt_text":"","src":"https:\/\/i0.wp.com\/danielpradilla.info\/blog\/wp-content\/uploads\/2011\/04\/stack_exchange_logo.png?resize=350%2C200","width":350,"height":200},"classes":[]},{"id":1545,"url":"https:\/\/www.danielpradilla.info\/blog\/como-hacer-una-presentacion-efectiva\/","url_meta":{"origin":1650,"position":4},"title":"C\u00f3mo hacer una presentaci\u00f3n efectiva","author":"Daniel Pradilla","date":"19\/10\/2010","format":false,"excerpt":"Mal comienzo...La mayor\u00eda de la gente que lleva una vida profesional tiene que realizar presentaciones con cierta regularidad. Por eso, no deja de sorprenderme que, consistentemente, casi todas las presentaciones que veo son p\u00e9simas. Salirme a mitad de las presentaciones no resuelve nada. Esa energ\u00eda maligna sigue existiendo aunque la\u2026","rel":"","context":"In &quot;Control de Proyectos&quot;","block_context":{"text":"Control de Proyectos","link":"https:\/\/www.danielpradilla.info\/blog\/category\/controldeproyectos\/"},"img":{"alt_text":"","src":"https:\/\/i0.wp.com\/www.danielpradilla.info\/blog\/wp-content\/uploads\/2010\/10\/worst_powerpoint_ever.jpg?resize=350%2C200","width":350,"height":200},"classes":[]},{"id":1592,"url":"https:\/\/www.danielpradilla.info\/blog\/4-herramientas-para-trabajar-remotamente\/","url_meta":{"origin":1650,"position":5},"title":"4 Herramientas para trabajar remotamente","author":"Daniel Pradilla","date":"11\/01\/2011","format":false,"excerpt":"O c\u00f3mo virtualizarse sin desaparecer en el intento Este art\u00edculo pertenece a la serie de virtualizaci\u00f3n, teletrabajo e independencia geogr\u00e1fica. Si hay un aspecto que me apasiona de la revoluci\u00f3n digital es la posibilidad que tenemos de generar omnipresencia a trav\u00e9s de la tecnolog\u00eda. Gracias a la computaci\u00f3n m\u00f3vil y\u2026","rel":"","context":"In &quot;Destacados&quot;","block_context":{"text":"Destacados","link":"https:\/\/www.danielpradilla.info\/blog\/category\/destacados\/"},"img":{"alt_text":"","src":"https:\/\/i0.wp.com\/www.danielpradilla.info\/blog\/wp-content\/uploads\/2011\/01\/OJO-Images.jpeg?resize=350%2C200&ssl=1","width":350,"height":200},"classes":[]}],"jetpack_featured_media_url":"","_links":{"self":[{"href":"https:\/\/www.danielpradilla.info\/blog\/wp-json\/wp\/v2\/posts\/1650","targetHints":{"allow":["GET"]}}],"collection":[{"href":"https:\/\/www.danielpradilla.info\/blog\/wp-json\/wp\/v2\/posts"}],"about":[{"href":"https:\/\/www.danielpradilla.info\/blog\/wp-json\/wp\/v2\/types\/post"}],"author":[{"embeddable":true,"href":"https:\/\/www.danielpradilla.info\/blog\/wp-json\/wp\/v2\/users\/2"}],"replies":[{"embeddable":true,"href":"https:\/\/www.danielpradilla.info\/blog\/wp-json\/wp\/v2\/comments?post=1650"}],"version-history":[{"count":0,"href":"https:\/\/www.danielpradilla.info\/blog\/wp-json\/wp\/v2\/posts\/1650\/revisions"}],"wp:attachment":[{"href":"https:\/\/www.danielpradilla.info\/blog\/wp-json\/wp\/v2\/media?parent=1650"}],"wp:term":[{"taxonomy":"category","embeddable":true,"href":"https:\/\/www.danielpradilla.info\/blog\/wp-json\/wp\/v2\/categories?post=1650"},{"taxonomy":"post_tag","embeddable":true,"href":"https:\/\/www.danielpradilla.info\/blog\/wp-json\/wp\/v2\/tags?post=1650"}],"curies":[{"name":"wp","href":"https:\/\/api.w.org\/{rel}","templated":true}]}}